{"id":13780,"date":"2015-10-20T11:36:31","date_gmt":"2015-10-20T11:36:31","guid":{"rendered":"http:\/\/www.weli.at\/kinder\/?p=13780"},"modified":"2015-11-01T20:58:30","modified_gmt":"2015-11-01T20:58:30","slug":"eltern-kind-zentrum-windelfrei","status":"publish","type":"post","link":"https:\/\/www.weli.at\/kinder\/eltern-kind-zentrum-windelfrei\/","title":{"rendered":"Eltern Kind Zentrum Windelfrei"},"content":{"rendered":"<p><strong>4a Windelfrei \u2013 Was hei\u00dft das eigentlich?<br \/>\nKonzept oder Methode?<\/strong><!--more--><\/p>\n<p>Keines von Beidem, daf\u00fcr intensiv und bereichernd! Nat\u00fcrliche Babypflege mit und ohne Windeln. Eine Vorstellung der Grundidee \u201ewindelfrei\u201c, die vermitteln will, warum es sich lohnt, mit dem Baby \u00fcber seine Bed\u00fcrfnisse zu kommunizieren. Ein Baby braucht keine Windel. Warum, weshalb<br \/>\nund wieso? Das gibt es an diesem Abend f\u00fcr (werdende) Eltern und Interessierte zu h\u00f6ren. Dabei geht es nicht um Sauberkeitserziehung, sondern vielmehr um das ganzheitliche Prinzip der nat\u00fcrlichen S\u00e4uglingspflege.<\/p>\n<p>Im Vordergrund steht die Entwicklung einer intensiven Eltern-Kind-Beziehung, die ein Aufwachsen ohne Windeln \u00fcberhaupt erst m\u00f6glich macht. Denn nur durch ausgepr\u00e4gte Kommunikation und K\u00f6rperkontakt k\u00f6nnen Eltern das Ausscheidungsbed\u00fcrfnis ihres Kindes erkennen und darauf reagieren.<\/p>\n<p><strong>Referentin:<\/strong> Michaela Arquilli\u00e8re \u2013 Hebamme, Mutter von vier windelfreien Kindern<\/p>\n<p><strong>Termine:<\/strong> Donnerstag, 5.November 2015, 19.30 \u2013 21 Uhr<\/p>\n<p>Eltern-Kind-Zentrum Innsbruck<br \/>\nAmraserstra\u00dfe 5<br \/>\n6020 Innsbruck<br \/>\nTelefon: 0512-58199713<br \/>\nMail: info@ekiz-ibk.at<br \/>\nWeb: www.ekiz-ibk.at<\/p>\n","protected":false},"excerpt":{"rendered":"<p>4a Windelfrei \u2013 Was hei\u00dft das eigentlich? Konzept oder Methode? <a class=\"more-link\" href=\"https:\/\/www.weli.at\/kinder\/eltern-kind-zentrum-windelfrei\/\">Eltern Kind Zentrum Windelfrei<\/a><\/p>\n","protected":false},"author":2,"featured_media":0,"comment_status":"closed","ping_status":"closed","sticky":false,"template":"","format":"standard","meta":{"_et_pb_use_builder":"","_et_pb_old_content":"","_et_gb_content_width":""},"categories":[6,10,21,62],"tags":[],"_links":{"self":[{"href":"https:\/\/www.weli.at\/kinder\/wp-json\/wp\/v2\/posts\/13780"}],"collection":[{"href":"https:\/\/www.weli.at\/kinder\/wp-json\/wp\/v2\/posts"}],"about":[{"href":"https:\/\/www.weli.at\/kinder\/wp-json\/wp\/v2\/types\/post"}],"author":[{"embeddable":true,"href":"https:\/\/www.weli.at\/kinder\/wp-json\/wp\/v2\/users\/2"}],"replies":[{"embeddable":true,"href":"https:\/\/www.weli.at\/kinder\/wp-json\/wp\/v2\/comments?post=13780"}],"version-history":[{"count":0,"href":"https:\/\/www.weli.at\/kinder\/wp-json\/wp\/v2\/posts\/13780\/revisions"}],"wp:attachment":[{"href":"https:\/\/www.weli.at\/kinder\/wp-json\/wp\/v2\/media?parent=13780"}],"wp:term":[{"taxonomy":"category","embeddable":true,"href":"https:\/\/www.weli.at\/kinder\/wp-json\/wp\/v2\/categories?post=13780"},{"taxonomy":"post_tag","embeddable":true,"href":"https:\/\/www.weli.at\/kinder\/wp-json\/wp\/v2\/tags?post=13780"}],"curies":[{"name":"wp","href":"https:\/\/api.w.org\/{rel}","templated":true}]}}