{"id":13788,"date":"2015-11-01T21:02:09","date_gmt":"2015-11-01T21:02:09","guid":{"rendered":"http:\/\/www.weli.at\/kinder\/?p=13788"},"modified":"2015-11-09T06:44:15","modified_gmt":"2015-11-09T06:44:15","slug":"yoga-fuer-schwangere-ekiz","status":"publish","type":"post","link":"https:\/\/www.weli.at\/kinder\/yoga-fuer-schwangere-ekiz\/","title":{"rendered":"Yoga f\u00fcr Schwangere Ekiz"},"content":{"rendered":"<p><strong>Yoga f\u00fcr Schwangere<\/strong><br \/>\n<!--more--><\/p>\n<p>Durch Entspannung sowie achtsam ausgef\u00fchrte K\u00f6rper-, Atem- und Konzentrations\u00fcbungen kann sich k\u00f6rperliches und geistiges Wohlbefinden einstellen. Dies wirkt sich positiv auf Schwangerschaft und<br \/>\nGeburt aus. An einem der Kursabende wird eine Hebamme anwesend sein, die f\u00fcr Fragen zur Verf\u00fcgung<br \/>\nsteht.<\/p>\n<p>Mitbringen: bequeme Kleidung und evtl. Handtuch oder Decke!<br \/>\nLeitung: Monika Neyer \u2013 Yogalehrerin, BYO\/EYU<\/p>\n<p>Termine: jeweils Mittwoch, 18.15 \u2013 19.30 Uhr (6 Abende \u00e0 75 min)<\/p>\n<p>1b) 2. Kursbeginn: 11. November 2015<br \/>\n1c) 3. Kursbeginn: 13. J\u00e4nner 2016<br \/>\n1d) 4. Kursbeginn: 02. M\u00e4rz 2016<br \/>\n1e) 5. Kursbeginn: 20. April 2016<br \/>\n1f) 6. Kursbeginn: 01. Juni 2016<\/p>\n<p>Kosten: 71,\u2013 \/ Mitgl. 64,\u2013<\/p>\n<p>Eltern-Kind-Zentrum Innsbruck<br \/>\nAmraserstra\u00dfe 5<br \/>\n6020 Innsbruck<br \/>\nTelefon: 0512-58199713<br \/>\nMail: info@ekiz-ibk.at<br \/>\nWeb: www.ekiz-ibk.at<\/p>\n","protected":false},"excerpt":{"rendered":"<p>Yoga f\u00fcr Schwangere <a class=\"more-link\" href=\"https:\/\/www.weli.at\/kinder\/yoga-fuer-schwangere-ekiz\/\">Yoga f\u00fcr Schwangere Ekiz<\/a><\/p>\n","protected":false},"author":2,"featured_media":0,"comment_status":"closed","ping_status":"closed","sticky":false,"template":"","format":"standard","meta":{"_et_pb_use_builder":"","_et_pb_old_content":"","_et_gb_content_width":""},"categories":[6,62,87,89],"tags":[],"_links":{"self":[{"href":"https:\/\/www.weli.at\/kinder\/wp-json\/wp\/v2\/posts\/13788"}],"collection":[{"href":"https:\/\/www.weli.at\/kinder\/wp-json\/wp\/v2\/posts"}],"about":[{"href":"https:\/\/www.weli.at\/kinder\/wp-json\/wp\/v2\/types\/post"}],"author":[{"embeddable":true,"href":"https:\/\/www.weli.at\/kinder\/wp-json\/wp\/v2\/users\/2"}],"replies":[{"embeddable":true,"href":"https:\/\/www.weli.at\/kinder\/wp-json\/wp\/v2\/comments?post=13788"}],"version-history":[{"count":0,"href":"https:\/\/www.weli.at\/kinder\/wp-json\/wp\/v2\/posts\/13788\/revisions"}],"wp:attachment":[{"href":"https:\/\/www.weli.at\/kinder\/wp-json\/wp\/v2\/media?parent=13788"}],"wp:term":[{"taxonomy":"category","embeddable":true,"href":"https:\/\/www.weli.at\/kinder\/wp-json\/wp\/v2\/categories?post=13788"},{"taxonomy":"post_tag","embeddable":true,"href":"https:\/\/www.weli.at\/kinder\/wp-json\/wp\/v2\/tags?post=13788"}],"curies":[{"name":"wp","href":"https:\/\/api.w.org\/{rel}","templated":true}]}}