{"id":13842,"date":"2015-12-26T13:45:53","date_gmt":"2015-12-26T13:45:53","guid":{"rendered":"http:\/\/www.weli.at\/kinder\/?p=13842"},"modified":"2016-01-30T08:13:19","modified_gmt":"2016-01-30T08:13:19","slug":"hallenbad-schwimmbad-axams-neu","status":"publish","type":"post","link":"https:\/\/www.weli.at\/kinder\/hallenbad-schwimmbad-axams-neu\/","title":{"rendered":"Hallenbad Schwimmbad Axams neu!"},"content":{"rendered":"<p>Ein Schwimmbad, das sowohl ein Hallenbad als auch ein Freischwimmbad (Rutsche, Sprungturm, Liegewiese) hat, ist bei unbest\u00e4ndigem oder kaltem Wetter auch im Sommer ideal. Falls es wirklich zu kalt wird, kann man ins Hallenbad wechseln.<\/p>\n<p>Im Herbst wurde das Schwimmbad umgebaut und erweitert &#8211; das Upgrade kann sich sehen lassen. Die Kosten werden nat\u00fcrlich \u00fcber erh\u00f6hten Eintritt weitergegeben &#8230; Wieder er\u00f6ffnet wurde am 23. Dezember 2015<\/p>\n<p><a href=\"https:\/\/www.weli.at\/kinder\/wp-content\/uploads\/2015\/12\/20151224_144413.jpg\"><img loading=\"lazy\" src=\"https:\/\/www.weli.at\/kinder\/wp-content\/uploads\/2015\/12\/20151224_144413-300x225.jpg\" alt=\"20151224_144413\" width=\"300\" height=\"225\" class=\"alignnone size-medium wp-image-13846\" \/><\/a><\/p>\n<p><a href=\"https:\/\/www.weli.at\/kinder\/wp-content\/uploads\/2015\/12\/20151224_144421.jpg\"><img loading=\"lazy\" src=\"https:\/\/www.weli.at\/kinder\/wp-content\/uploads\/2015\/12\/20151224_144421-300x225.jpg\" alt=\"20151224_144421\" width=\"300\" height=\"225\" class=\"alignnone size-medium wp-image-13845\" \/><\/a><\/p>\n<p><a href=\"https:\/\/www.weli.at\/kinder\/wp-content\/uploads\/2015\/12\/20151224_144429.jpg\"><img loading=\"lazy\" src=\"https:\/\/www.weli.at\/kinder\/wp-content\/uploads\/2015\/12\/20151224_144429-300x225.jpg\" alt=\"20151224_144429\" width=\"300\" height=\"225\" class=\"alignnone size-medium wp-image-13844\" \/><\/a><\/p>\n<p><!--more--><\/p>\n<h2>Anfahrt<\/h2>\n<p>Vor dem Schwimmbad gen\u00fcgend Parkpl\u00e4tze, das Bad ist auch mit dem Bus gut zu erreichen (VVT)<\/p>\n<h2>\u00d6ffnungszeiten<\/h2>\n<p>In der Nebensaison kann das Bad f\u00fcr einige Tage geschlossen sein &#8211; lieber vorher anrufen!<\/p>\n<h2>Telefon<\/h2>\n<p>+43 (0) 5234 \/ 68 322<\/p>\n<h2>Rabatte und Erm\u00e4\u00dfigungen<\/h2>\n<p>Erm\u00e4\u00dfigung mit dem Tiroler Familienpass. So sind Kinder bis 6 Jahren und Kinder an ihrem Geburtstag frei.<br \/>\nEs gibt auch Familienkarten.<br \/>\nDas 3. eigene Kind geht frei, aber Achtung &#8211; das 4. und 5. Kind zahlen wieder!<br \/>\nBeim Freizeitticket Tirol gibt es eine 3er Regelung.<\/p>\n","protected":false},"excerpt":{"rendered":"<p>Ein Schwimmbad, das sowohl ein Hallenbad als auch ein Freischwimmbad (Rutsche, Sprungturm, Liegewiese) hat, ist bei unbest\u00e4ndigem oder kaltem Wetter auch im Sommer ideal. Falls es wirklich zu kalt wird, kann man ins Hallenbad wechseln. Im Herbst wurde das Schwimmbad umgebaut und erweitert &#8211; das Upgrade kann sich sehen lassen. Die Kosten werden nat\u00fcrlich \u00fcber&#8230; <a class=\"more-link\" href=\"https:\/\/www.weli.at\/kinder\/hallenbad-schwimmbad-axams-neu\/\">Hallenbad Schwimmbad Axams neu<\/a> <a class=\"more-link\" href=\"https:\/\/www.weli.at\/kinder\/hallenbad-schwimmbad-axams-neu\/\">Hallenbad Schwimmbad Axams neu<\/a><\/p>\n","protected":false},"author":2,"featured_media":0,"comment_status":"closed","ping_status":"closed","sticky":false,"template":"","format":"standard","meta":{"_et_pb_use_builder":"","_et_pb_old_content":"","_et_gb_content_width":""},"categories":[11,24,32,63],"tags":[],"_links":{"self":[{"href":"https:\/\/www.weli.at\/kinder\/wp-json\/wp\/v2\/posts\/13842"}],"collection":[{"href":"https:\/\/www.weli.at\/kinder\/wp-json\/wp\/v2\/posts"}],"about":[{"href":"https:\/\/www.weli.at\/kinder\/wp-json\/wp\/v2\/types\/post"}],"author":[{"embeddable":true,"href":"https:\/\/www.weli.at\/kinder\/wp-json\/wp\/v2\/users\/2"}],"replies":[{"embeddable":true,"href":"https:\/\/www.weli.at\/kinder\/wp-json\/wp\/v2\/comments?post=13842"}],"version-history":[{"count":0,"href":"https:\/\/www.weli.at\/kinder\/wp-json\/wp\/v2\/posts\/13842\/revisions"}],"wp:attachment":[{"href":"https:\/\/www.weli.at\/kinder\/wp-json\/wp\/v2\/media?parent=13842"}],"wp:term":[{"taxonomy":"category","embeddable":true,"href":"https:\/\/www.weli.at\/kinder\/wp-json\/wp\/v2\/categories?post=13842"},{"taxonomy":"post_tag","embeddable":true,"href":"https:\/\/www.weli.at\/kinder\/wp-json\/wp\/v2\/tags?post=13842"}],"curies":[{"name":"wp","href":"https:\/\/api.w.org\/{rel}","templated":true}]}}