{"id":13996,"date":"2015-08-31T00:00:00","date_gmt":"2015-08-31T00:00:00","guid":{"rendered":"http:\/\/www.weli.at\/kinder\/ferialjob-bei-swarovski\/"},"modified":"2016-03-14T10:39:34","modified_gmt":"2016-03-14T10:39:34","slug":"ferialjob-bei-swarovski","status":"publish","type":"post","link":"https:\/\/www.weli.at\/kinder\/ferialjob-bei-swarovski\/","title":{"rendered":"Ferialjob bei Swarovski"},"content":{"rendered":"<h2>Ferialjob bei Swarovski<\/h2>\n<p>\nFerialjobs bei Swarovski werden vorwiegend im Produktionsbereich vergeben. Voraussetzung ist allerdings, dass man bei Arbeitsantritt mindestens 15 Jahre alt ist; Schichtarbeit ist ab 18 Jahren m\u00f6glich.  Bitte beachten, dass Bewerbungen ausschlie\u00dflich online und im Februar des betreffenden Jahres angenommen werden.  Antwort erh\u00e4lt man im April.\n<\/p>\n<h2>Kontakt f\u00fcr Ferialjob bei Firma Swarovski<\/h2>\n<p>Telefon:<br \/>\nemail: Jobs.austria@swarovski.com<\/p>\n<p>Quelle: <a href=\"http:\/\/careers.swarovski.com\/\" target=\"_blank\" rel=\"noopener\">http:\/\/careers.swarovski.com\/<\/a><\/p>\n","protected":false},"excerpt":{"rendered":"<p>Ferialjob bei Swarovski Ferialjobs bei Swarovski werden vorwiegend im Produktionsbereich vergeben. Voraussetzung ist allerdings, dass man bei Arbeitsantritt mindestens 15 Jahre alt ist; Schichtarbeit ist ab 18 Jahren m\u00f6glich. Bitte beachten, dass Bewerbungen ausschlie\u00dflich online und im Februar des betreffenden Jahres angenommen werden. Antwort erh\u00e4lt man im April. Kontakt f\u00fcr Ferialjob bei Firma Swarovski Telefon:&#8230; <a class=\"more-link\" href=\"https:\/\/www.weli.at\/kinder\/ferialjob-bei-swarovski\/\">Ferialjob bei Swarovski<\/a> <a class=\"more-link\" href=\"https:\/\/www.weli.at\/kinder\/ferialjob-bei-swarovski\/\">Ferialjob bei Swarovski<\/a><\/p>\n","protected":false},"author":1,"featured_media":0,"comment_status":"open","ping_status":"open","sticky":false,"template":"","format":"standard","meta":{"_et_pb_use_builder":"","_et_pb_old_content":"","_et_gb_content_width":""},"categories":[23],"tags":[],"_links":{"self":[{"href":"https:\/\/www.weli.at\/kinder\/wp-json\/wp\/v2\/posts\/13996"}],"collection":[{"href":"https:\/\/www.weli.at\/kinder\/wp-json\/wp\/v2\/posts"}],"about":[{"href":"https:\/\/www.weli.at\/kinder\/wp-json\/wp\/v2\/types\/post"}],"author":[{"embeddable":true,"href":"https:\/\/www.weli.at\/kinder\/wp-json\/wp\/v2\/users\/1"}],"replies":[{"embeddable":true,"href":"https:\/\/www.weli.at\/kinder\/wp-json\/wp\/v2\/comments?post=13996"}],"version-history":[{"count":0,"href":"https:\/\/www.weli.at\/kinder\/wp-json\/wp\/v2\/posts\/13996\/revisions"}],"wp:attachment":[{"href":"https:\/\/www.weli.at\/kinder\/wp-json\/wp\/v2\/media?parent=13996"}],"wp:term":[{"taxonomy":"category","embeddable":true,"href":"https:\/\/www.weli.at\/kinder\/wp-json\/wp\/v2\/categories?post=13996"},{"taxonomy":"post_tag","embeddable":true,"href":"https:\/\/www.weli.at\/kinder\/wp-json\/wp\/v2\/tags?post=13996"}],"curies":[{"name":"wp","href":"https:\/\/api.w.org\/{rel}","templated":true}]}}