{"id":14054,"date":"2016-01-12T06:52:21","date_gmt":"2016-01-12T06:52:21","guid":{"rendered":"http:\/\/www.weli.at\/kinder\/?p=14054"},"modified":"2016-01-18T21:54:30","modified_gmt":"2016-01-18T21:54:30","slug":"kinder-werkstatt-tiroler-landesmuseum-3","status":"publish","type":"post","link":"https:\/\/www.weli.at\/kinder\/kinder-werkstatt-tiroler-landesmuseum-3\/","title":{"rendered":"Kinder Werkstatt Tiroler Landesmuseum"},"content":{"rendered":"<p>KINDER-WERKSTATT B\u00dcCHERWURM UND LESERATTE<br \/>\nOb Tagebuch, Geschichtenbuch oder Bilderbuch &#8211; du entscheidest, was in dein Buch hineinkommt! Mit verschiedenen Papieren, Stempeln, alten Buchstaben, Stiften und Farben gestaltest und verzierst du den Einband. Mit Nadel und Faden binden wir daraus ein kleines Buch. F\u00fcr Kinder ab 6 Jahre<!--more--><\/p>\n<h2>Museum Datum<\/h2>\n<p>Sa 16.Januar 2016, 14-17 Uhr<br \/>\nTiroler Landesmuseum<\/p>\n<h2>Museum Preis<\/h2>\n<p>\u20ac 5,&#8211;<br \/>\n50% Erm\u00e4\u00dfigung f\u00fcr Tiroli-Mitglieder<\/p>\n<p>Anmeldung erforderlich!<\/p>\n<h2>Museum Kontakt<\/h2>\n<p>Tiroler Landesmuseen<br \/>\nMuseumstrasse 15, 6020 Innsbruck<br \/>\nTelefon +43 512 594 89<br \/>\nFax +43 512 594 89 &#8211; 109 <\/p>\n","protected":false},"excerpt":{"rendered":"<p>KINDER-WERKSTATT B\u00dcCHERWURM UND LESERATTE Ob Tagebuch, Geschichtenbuch oder Bilderbuch &#8211; du entscheidest, was in dein Buch hineinkommt! Mit verschiedenen Papieren, Stempeln, alten Buchstaben, Stiften und Farben gestaltest und verzierst du den Einband. Mit Nadel und Faden binden wir daraus ein kleines Buch. F\u00fcr Kinder ab 6 Jahre <a class=\"more-link\" href=\"https:\/\/www.weli.at\/kinder\/kinder-werkstatt-tiroler-landesmuseum-3\/\">Kinder Werkstatt Tiroler Landesmuseum<\/a><\/p>\n","protected":false},"author":2,"featured_media":0,"comment_status":"closed","ping_status":"closed","sticky":false,"template":"","format":"standard","meta":{"_et_pb_use_builder":"","_et_pb_old_content":"","_et_gb_content_width":""},"categories":[8,50,51,89],"tags":[],"_links":{"self":[{"href":"https:\/\/www.weli.at\/kinder\/wp-json\/wp\/v2\/posts\/14054"}],"collection":[{"href":"https:\/\/www.weli.at\/kinder\/wp-json\/wp\/v2\/posts"}],"about":[{"href":"https:\/\/www.weli.at\/kinder\/wp-json\/wp\/v2\/types\/post"}],"author":[{"embeddable":true,"href":"https:\/\/www.weli.at\/kinder\/wp-json\/wp\/v2\/users\/2"}],"replies":[{"embeddable":true,"href":"https:\/\/www.weli.at\/kinder\/wp-json\/wp\/v2\/comments?post=14054"}],"version-history":[{"count":0,"href":"https:\/\/www.weli.at\/kinder\/wp-json\/wp\/v2\/posts\/14054\/revisions"}],"wp:attachment":[{"href":"https:\/\/www.weli.at\/kinder\/wp-json\/wp\/v2\/media?parent=14054"}],"wp:term":[{"taxonomy":"category","embeddable":true,"href":"https:\/\/www.weli.at\/kinder\/wp-json\/wp\/v2\/categories?post=14054"},{"taxonomy":"post_tag","embeddable":true,"href":"https:\/\/www.weli.at\/kinder\/wp-json\/wp\/v2\/tags?post=14054"}],"curies":[{"name":"wp","href":"https:\/\/api.w.org\/{rel}","templated":true}]}}