{"id":14244,"date":"2016-03-09T07:08:51","date_gmt":"2016-03-09T07:08:51","guid":{"rendered":"http:\/\/www.weli.at\/kinder\/?p=14244"},"modified":"2016-03-19T14:57:41","modified_gmt":"2016-03-19T14:57:41","slug":"innufer-reinigung-2016","status":"publish","type":"post","link":"https:\/\/www.weli.at\/kinder\/innufer-reinigung-2016\/","title":{"rendered":"Innufer Reinigung 2016"},"content":{"rendered":"<p><strong>Auch heuer gibt es wieder die allj\u00e4hrliche \u201eInnuferreinigung\u201c. <\/strong><\/p>\n<p>Dabei wird entlang des Inns der \u00fcber den Winter angeh\u00e4ufte Dreck wegger\u00e4umt!<\/p>\n<p>Termin:  SA, 02. April 2016 8-12 h<br \/>\n<!--more--><\/p>\n<p>Treffpunkt: 8.15 im \u00d6WR Heim (Hallerstra\u00dfe 4)<\/p>\n<p>Auch Kinder und Jugendliche!<\/p>\n<p>Danach werden alle Helfenden noch zu einem Mittagessen eingeladen<\/p>\n<p>Anmeldung: hoferpepi@a1.net, Telefon: 06641011301<\/p>\n<p>Sophie &#8211; Christine Kobler<br \/>\nJugendreferentin &#8211; Einsatzstelle Innsbruck<br \/>\n\u00d6sterreichische Wasserrettung<br \/>\nEinsatzstelle Innsbruck<br \/>\nHallerstra\u00dfe 4a, A \u2013 6020 Innsbruck<br \/>\nTelefon:   +43 650 9861331<br \/>\nWeb:     www.wasserrettung.at<br \/>\nE-Mail:  sophie.kobler@wasserrettung.at<\/p>\n","protected":false},"excerpt":{"rendered":"<p>Auch heuer gibt es wieder die allj\u00e4hrliche \u201eInnuferreinigung\u201c. Dabei wird entlang des Inns der \u00fcber den Winter angeh\u00e4ufte Dreck wegger\u00e4umt! Termin: SA, 02. April 2016 8-12 h <a class=\"more-link\" href=\"https:\/\/www.weli.at\/kinder\/innufer-reinigung-2016\/\">Innufer Reinigung 2016<\/a><\/p>\n","protected":false},"author":2,"featured_media":0,"comment_status":"closed","ping_status":"closed","sticky":false,"template":"","format":"standard","meta":{"_et_pb_use_builder":"","_et_pb_old_content":"","_et_gb_content_width":""},"categories":[77,81],"tags":[],"_links":{"self":[{"href":"https:\/\/www.weli.at\/kinder\/wp-json\/wp\/v2\/posts\/14244"}],"collection":[{"href":"https:\/\/www.weli.at\/kinder\/wp-json\/wp\/v2\/posts"}],"about":[{"href":"https:\/\/www.weli.at\/kinder\/wp-json\/wp\/v2\/types\/post"}],"author":[{"embeddable":true,"href":"https:\/\/www.weli.at\/kinder\/wp-json\/wp\/v2\/users\/2"}],"replies":[{"embeddable":true,"href":"https:\/\/www.weli.at\/kinder\/wp-json\/wp\/v2\/comments?post=14244"}],"version-history":[{"count":0,"href":"https:\/\/www.weli.at\/kinder\/wp-json\/wp\/v2\/posts\/14244\/revisions"}],"wp:attachment":[{"href":"https:\/\/www.weli.at\/kinder\/wp-json\/wp\/v2\/media?parent=14244"}],"wp:term":[{"taxonomy":"category","embeddable":true,"href":"https:\/\/www.weli.at\/kinder\/wp-json\/wp\/v2\/categories?post=14244"},{"taxonomy":"post_tag","embeddable":true,"href":"https:\/\/www.weli.at\/kinder\/wp-json\/wp\/v2\/tags?post=14244"}],"curies":[{"name":"wp","href":"https:\/\/api.w.org\/{rel}","templated":true}]}}