{"id":14365,"date":"2016-05-12T06:25:47","date_gmt":"2016-05-12T06:25:47","guid":{"rendered":"http:\/\/www.weli.at\/kinder\/?p=14365"},"modified":"2016-08-14T15:57:46","modified_gmt":"2016-08-14T15:57:46","slug":"erziehung-jesper-juul-standard","status":"publish","type":"post","link":"https:\/\/www.weli.at\/kinder\/erziehung-jesper-juul-standard\/","title":{"rendered":"Erziehung"},"content":{"rendered":"<p>Auf der Standard online Seite beantwortet Jesper Juul alle zwei Wochen Fragen \u00fcber Erziehung, Partnerschaft und Familienleben. <\/p>\n<p><strong>Wenn sich Kinder nicht alleine besch\u00e4ftigen k\u00f6nnen<\/strong><\/p>\n<p><strong>Verlangen Kinder st\u00e4ndig nach Aufmerksamkeit, ist meist das Familiengleichgewicht gest\u00f6rt. Doch was tun?<\/strong><br \/>\n<!--more--><\/p>\n<p><strong>Frage: <\/strong><br \/>\nMeine sechsj\u00e4hrige Tochter ist ein sehr lebhaftes M\u00e4dchen.<br \/>\nIch wurde, als sie zweieinhalb Jahre alt war, sehr krank und dachte, dass ich sie vielleicht nicht aufwachsen sehen werde. Deshalb habe ich mein allerletztes Atom an Energie in sie gesteckt. Ich habe sie ununterbrochen &#8222;bespielt&#8220; und mit ihr sehr viele Aktivit\u00e4ten gemacht.<br \/>\nMein Mann h\u00e4lt sich ziemlich raus und ist mir leider nie eine Hilfe gewesen \u2013 immer bekomme ich nur zu h\u00f6ren, ich sei an allem schuld: Dass unsere Tochter sich nicht selber besch\u00e4ftigen kann, ihr Zimmer nicht aufr\u00e4umt usw.<br \/>\nSie kann sich tats\u00e4chlich fast nicht selber besch\u00e4ftigen. Wenn sie einmal in ihrem Zimmer spielt, ist das immer sehr kurz. Dann ruft sie mich im Minutentakt, dass ich mir anschaue, was sie macht oder mitspielen komme. Wenn meine vierj\u00e4hrige Nichte bei uns ist, dann ist meine Tochter diejenige, die all ihre Puppen und ihr Geschirr ins Wohnzimmer bringt und mich in ihr Spiel einbindet.<br \/>\nAu\u00dferdem hat sie einen starken Bewegungsdrang. Sie kann f\u00fcnf Stunden durchtanzen \u2013 danach nach Hause kommen, Ballettpatschen anziehen, Ballett-CD einlegen und weiter tanzen. Nat\u00fcrlich muss ich immer mittanzen. Ich muss direkt fl\u00fcchten, weil sie mich an der Hand h\u00e4lt, damit ich weitertanze.<br \/>\nIch wei\u00df, dass sicher einiges schiefgelaufen ist. Bitte geben Sie mir ein paar Tipps, wie ich noch die &#8222;Kurve kratzen&#8220; kann.<br \/>\nVielen, vielen Dank!!! <\/p>\n<p><strong>Antwort:<\/strong><br \/>\nGrunds\u00e4tzlich bin ich wenig geduldig mit Menschen, deren einziger Beitrag zur Lebensqualit\u00e4t des Kindes darin besteht, monotone Kritik an den Bem\u00fchungen des Partners oder der Partnerin zu \u00fcben.<br \/>\nEine ungl\u00fcckliche Symbiose wie jene zwischen Ihnen und Ihrer Tochter ist nur m\u00f6glich, wenn alle Familienmitglieder kooperieren. In Ihrem Fall passiert das, weil Ihr Mann mehr Abstand h\u00e4lt als notwendig. Das kann man verstehen, aber er tr\u00e4gt zum Ungleichgewicht bei. Ihr Mann hat jedoch insofern Recht, dass Sie die F\u00fchrung gegen\u00fcber Ihrer Tochter \u00fcbernehmen m\u00fcssen, um eine bessere Balance in der Familie entstehen zu lassen. Ihre urspr\u00fcngliche Absicht, Ihrer Tochter alles zu geben, war gut. Das erf\u00fcllte Ihr Bed\u00fcrfnis, von maximalem Wert im Leben Ihrer Tochter zu sein. Allerdings war das nicht dem Bed\u00fcrfnis Ihrer Tochter dienlich, die sich als eigenst\u00e4ndiges und sozial verantwortliches Wesen entwickeln und sich dadurch als wertvolles Individuum erfahren will.<br \/>\nDer einzige Weg nach vorne beginnt mit einem Gespr\u00e4ch, an dem alle drei teilnehmen und in dem Sie die F\u00fchrung \u00fcbernehmen m\u00fcssen.<br \/>\nSie k\u00f6nnen in etwa so beginnen \u2013 aber ohne sich dabei millionenfach zu entschuldigen: &#8222;Liebe Tochter. Ich habe Euch beide zu diesem Gespr\u00e4ch eingeladen, weil ich Eure Hilfe brauche. Ich will einen Fehler korrigieren, den ich gemacht habe, als ich sehr krank war und dachte, ich m\u00fcsste sterben. Das Ergebnis davon ist nun, dass Du von mir sehr abh\u00e4ngig wurdest und kaum etwas alleine machen kannst. Das ist schlecht f\u00fcr Dein Leben und f\u00fcr die Beziehung zwischen Dir und Deinem Vater. Ich wei\u00df nicht, wie die Zukunft aussehen wird. Aber ich wei\u00df, dass ich \u00f6fter &#8222;Nein&#8220; zu Deinen W\u00fcnschen sagen werde. Das wird Dir helfen, alleine zu spielen und andere Dinge selbst\u00e4ndig zu machen. Ich bin mir sicher, dass wir beide eine Zeit lang frustriert und ungl\u00fccklich sein werden. Trotzdem m\u00fcssen wir das machen, um ein besseres Gleichgewicht f\u00fcr uns zu schaffen.&#8220;<br \/>\nBeobachten Sie die Reaktionen Ihrer Tochter und nehmen Sie diese wahr. Aber verwenden Sie nicht zu viel Zeit, um diese zu argumentieren oder zu erkl\u00e4ren. Beenden Sie das Treffen mit einer &#8222;Familienumarmung&#8220;. W\u00f6rter alleine k\u00f6nnen die notwendige Ver\u00e4nderung nicht herbeif\u00fchren. <\/p>\n<p>(Jesper Juul, 8.5.2016) Jesper Juul, geboren 1948 in D\u00e4nemark, ist Lehrer, Gruppen- und Familientherapeut, Konfliktberater und Buchautor. Er studierte Geschichte, Religionsp\u00e4dagogik und Europ\u00e4ische Geistesgeschichte. Statt die Lehrerlaufbahn einzuschlagen, nahm er eine Stelle als Heimerzieher und sp\u00e4ter als Sozialarbeiter an und lie\u00df sich zum Familientherapeuten ausbilden. Er ist Begr\u00fcnder des Family Lab.<\/p>\n<p>derstandard.at\/2000036492249\/Wenn-sich-Kinder-nicht-alleine-beschaeftigen-koennen<\/p>\n","protected":false},"excerpt":{"rendered":"<p>Auf der Standard online Seite beantwortet Jesper Juul alle zwei Wochen Fragen \u00fcber Erziehung, Partnerschaft und Familienleben. Wenn sich Kinder nicht alleine besch\u00e4ftigen k\u00f6nnen Verlangen Kinder st\u00e4ndig nach Aufmerksamkeit, ist meist das Familiengleichgewicht gest\u00f6rt. Doch was tun? <a class=\"more-link\" href=\"https:\/\/www.weli.at\/kinder\/erziehung-jesper-juul-standard\/\">Erziehung<\/a><\/p>\n","protected":false},"author":2,"featured_media":0,"comment_status":"closed","ping_status":"closed","sticky":false,"template":"","format":"standard","meta":{"_et_pb_use_builder":"","_et_pb_old_content":"","_et_gb_content_width":""},"categories":[10,21,42,88],"tags":[],"_links":{"self":[{"href":"https:\/\/www.weli.at\/kinder\/wp-json\/wp\/v2\/posts\/14365"}],"collection":[{"href":"https:\/\/www.weli.at\/kinder\/wp-json\/wp\/v2\/posts"}],"about":[{"href":"https:\/\/www.weli.at\/kinder\/wp-json\/wp\/v2\/types\/post"}],"author":[{"embeddable":true,"href":"https:\/\/www.weli.at\/kinder\/wp-json\/wp\/v2\/users\/2"}],"replies":[{"embeddable":true,"href":"https:\/\/www.weli.at\/kinder\/wp-json\/wp\/v2\/comments?post=14365"}],"version-history":[{"count":0,"href":"https:\/\/www.weli.at\/kinder\/wp-json\/wp\/v2\/posts\/14365\/revisions"}],"wp:attachment":[{"href":"https:\/\/www.weli.at\/kinder\/wp-json\/wp\/v2\/media?parent=14365"}],"wp:term":[{"taxonomy":"category","embeddable":true,"href":"https:\/\/www.weli.at\/kinder\/wp-json\/wp\/v2\/categories?post=14365"},{"taxonomy":"post_tag","embeddable":true,"href":"https:\/\/www.weli.at\/kinder\/wp-json\/wp\/v2\/tags?post=14365"}],"curies":[{"name":"wp","href":"https:\/\/api.w.org\/{rel}","templated":true}]}}