{"id":14436,"date":"2016-06-29T16:01:00","date_gmt":"2016-06-29T16:01:00","guid":{"rendered":"http:\/\/www.weli.at\/kinder\/acrylmalerei-2\/"},"modified":"2016-06-29T16:01:01","modified_gmt":"2016-06-29T16:01:01","slug":"acrylmalerei-mittwoch-24-08","status":"publish","type":"post","link":"https:\/\/www.weli.at\/kinder\/acrylmalerei-mittwoch-24-08\/","title":{"rendered":"ACRYLMALEREI &#8211; Mittwoch, 24.08."},"content":{"rendered":"<p>Der Ferienzug wird im Raum Innsbuck, Tirol durchgef\u00fchrt. Es gibt Veranstaltungen f\u00fcr Kinder zu vielen spannenden Unternehmungen w\u00e4hrend der Ferien (falls Langweile aufkommt oder wenn Kinderbetreuung notwendig ist): Sport, Wissenschaft, Bewegung, Geschichte, Spannung, Kreativ, Technik, Natur und Outdoor,  etc<\/p>\n<p>Datum: Mittwoch, 24.08.2016<\/p>\n<p>Acrylfarbe kann auf Leinwand, Holz und Metall aufgetragen werden. Diese vielseitige Farbe eignet sich sowohl f\u00fcr aquarellartige, zarte Bilder, als auch f\u00fcr den kr\u00e4ftigen Farbauftrag und das Arbeiten mit Modellierpaste.<\/p>\n<p>Treffpunkt: 13.30 Uhr, Erzherzog-Eugen- Str. 9<br \/>\nDauer: 13.30 &#8211; 15.30 Uhr,<br \/>\nAlter: 5 &#8211; 14 Jahre<\/p>\n<p>Ausr\u00fcstung: Malhemd,<br \/>\nKosten: \u0080 9,&#8211;<\/p>\n<h2>Malen f\u00fcr Kinder<\/h2>\n<p>Kategorie: Malen f\u00fcr Kinder<\/p>\n<p>Anmeldung: Kunsttreffpunkt, Tel. 0650\/9912419 (18.00 &#8211; 19.30 Uhr) oder E-Mail: e.unterluggauer@kunsttreffpunkt.at<br \/>\nQuelle: <a href=\"http:\/\/www.junges-innsbruck.at\/\" target=\"_blank\" rel=\"noopener\">Ferienzug Innsbruck<\/a><\/p>\n","protected":false},"excerpt":{"rendered":"<p>Der Ferienzug wird im Raum Innsbuck, Tirol durchgef\u00fchrt. Es gibt Veranstaltungen f\u00fcr Kinder zu vielen spannenden Unternehmungen w\u00e4hrend der Ferien (falls Langweile aufkommt oder wenn Kinderbetreuung notwendig ist): Sport, Wissenschaft, Bewegung, Geschichte, Spannung, Kreativ, Technik, Natur und Outdoor, etc Datum: Mittwoch, 24.08.2016 Acrylfarbe kann auf Leinwand, Holz und Metall aufgetragen werden. Diese vielseitige Farbe eignet&#8230; <a class=\"more-link\" href=\"https:\/\/www.weli.at\/kinder\/acrylmalerei-mittwoch-24-08\/\">ACRYLMALEREI 8211 Mittwoch 2408<\/a> <a class=\"more-link\" href=\"https:\/\/www.weli.at\/kinder\/acrylmalerei-mittwoch-24-08\/\">ACRYLMALEREI 8211 Mittwoch 2408<\/a><\/p>\n","protected":false},"author":1,"featured_media":0,"comment_status":"open","ping_status":"open","sticky":false,"template":"","format":"standard","meta":{"_et_pb_use_builder":"","_et_pb_old_content":"","_et_gb_content_width":""},"categories":[236,203],"tags":[],"_links":{"self":[{"href":"https:\/\/www.weli.at\/kinder\/wp-json\/wp\/v2\/posts\/14436"}],"collection":[{"href":"https:\/\/www.weli.at\/kinder\/wp-json\/wp\/v2\/posts"}],"about":[{"href":"https:\/\/www.weli.at\/kinder\/wp-json\/wp\/v2\/types\/post"}],"author":[{"embeddable":true,"href":"https:\/\/www.weli.at\/kinder\/wp-json\/wp\/v2\/users\/1"}],"replies":[{"embeddable":true,"href":"https:\/\/www.weli.at\/kinder\/wp-json\/wp\/v2\/comments?post=14436"}],"version-history":[{"count":0,"href":"https:\/\/www.weli.at\/kinder\/wp-json\/wp\/v2\/posts\/14436\/revisions"}],"wp:attachment":[{"href":"https:\/\/www.weli.at\/kinder\/wp-json\/wp\/v2\/media?parent=14436"}],"wp:term":[{"taxonomy":"category","embeddable":true,"href":"https:\/\/www.weli.at\/kinder\/wp-json\/wp\/v2\/categories?post=14436"},{"taxonomy":"post_tag","embeddable":true,"href":"https:\/\/www.weli.at\/kinder\/wp-json\/wp\/v2\/tags?post=14436"}],"curies":[{"name":"wp","href":"https:\/\/api.w.org\/{rel}","templated":true}]}}