{"id":14444,"date":"2016-06-29T16:01:00","date_gmt":"2016-06-29T16:01:00","guid":{"rendered":"http:\/\/www.weli.at\/kinder\/baecker-ruetz-6\/"},"modified":"2016-06-29T16:01:01","modified_gmt":"2016-06-29T16:01:01","slug":"baecker-ruetz-donnerstag-21-07","status":"publish","type":"post","link":"https:\/\/www.weli.at\/kinder\/baecker-ruetz-donnerstag-21-07\/","title":{"rendered":"B\u00e4CKER RUETZ &#8211; Donnerstag, 21.07."},"content":{"rendered":"<p>Der Ferienzug wird im Raum Innsbuck, Tirol durchgef\u00fchrt. Es gibt Veranstaltungen f\u00fcr Kinder zu vielen spannenden Unternehmungen w\u00e4hrend der Ferien (falls Langweile aufkommt oder wenn Kinderbetreuung notwendig ist): Sport, Wissenschaft, Bewegung, Geschichte, Spannung, Kreativ, Technik, Natur und Outdoor,  etc<\/p>\n<p>Datum: Donnerstag, 21.07.2016<\/p>\n<p>Wir fahren gemeinsam mit dem Bus ins Blaue Backhaus in Kematen, um unser eigenes Brot zu backen.<\/p>\n<p>Treffpunkt: 08.45 Uhr, RathausGalerien, Eingang Hotel Penz<br \/>\nDauer: 08.45 &#8211; 11.45 Uhr<br \/>\nAlter: 6 &#8211; 14 Jahre,<\/p>\n<p>Ausr\u00fcstung:<br \/>\nKosten: \u0080 4,&#8211;<\/p>\n<h2>Handwerk, Essen f\u00fcr Kinder<\/h2>\n<p>Kategorie: Handwerk, Essen f\u00fcr Kinder<\/p>\n<p>Anmeldung: avomed, Tel. 0650\/5860636 oder E-Mail: h.hoertnagl@avomed.at<br \/>\nQuelle: <a href=\"http:\/\/www.junges-innsbruck.at\/\" target=\"_blank\" rel=\"noopener\">Ferienzug Innsbruck<\/a><\/p>\n","protected":false},"excerpt":{"rendered":"<p>Der Ferienzug wird im Raum Innsbuck, Tirol durchgef\u00fchrt. Es gibt Veranstaltungen f\u00fcr Kinder zu vielen spannenden Unternehmungen w\u00e4hrend der Ferien (falls Langweile aufkommt oder wenn Kinderbetreuung notwendig ist): Sport, Wissenschaft, Bewegung, Geschichte, Spannung, Kreativ, Technik, Natur und Outdoor, etc Datum: Donnerstag, 21.07.2016 Wir fahren gemeinsam mit dem Bus ins Blaue Backhaus in Kematen, um unser&#8230; <a class=\"more-link\" href=\"https:\/\/www.weli.at\/kinder\/baecker-ruetz-donnerstag-21-07\/\">B\u00e4CKER RUETZ 8211 Donnerstag<\/a> <a class=\"more-link\" href=\"https:\/\/www.weli.at\/kinder\/baecker-ruetz-donnerstag-21-07\/\">B\u00e4CKER RUETZ 8211 Donnerstag<\/a><\/p>\n","protected":false},"author":1,"featured_media":0,"comment_status":"open","ping_status":"open","sticky":false,"template":"","format":"standard","meta":{"_et_pb_use_builder":"","_et_pb_old_content":"","_et_gb_content_width":""},"categories":[212,236,40],"tags":[],"_links":{"self":[{"href":"https:\/\/www.weli.at\/kinder\/wp-json\/wp\/v2\/posts\/14444"}],"collection":[{"href":"https:\/\/www.weli.at\/kinder\/wp-json\/wp\/v2\/posts"}],"about":[{"href":"https:\/\/www.weli.at\/kinder\/wp-json\/wp\/v2\/types\/post"}],"author":[{"embeddable":true,"href":"https:\/\/www.weli.at\/kinder\/wp-json\/wp\/v2\/users\/1"}],"replies":[{"embeddable":true,"href":"https:\/\/www.weli.at\/kinder\/wp-json\/wp\/v2\/comments?post=14444"}],"version-history":[{"count":0,"href":"https:\/\/www.weli.at\/kinder\/wp-json\/wp\/v2\/posts\/14444\/revisions"}],"wp:attachment":[{"href":"https:\/\/www.weli.at\/kinder\/wp-json\/wp\/v2\/media?parent=14444"}],"wp:term":[{"taxonomy":"category","embeddable":true,"href":"https:\/\/www.weli.at\/kinder\/wp-json\/wp\/v2\/categories?post=14444"},{"taxonomy":"post_tag","embeddable":true,"href":"https:\/\/www.weli.at\/kinder\/wp-json\/wp\/v2\/tags?post=14444"}],"curies":[{"name":"wp","href":"https:\/\/api.w.org\/{rel}","templated":true}]}}