{"id":14455,"date":"2016-06-29T16:01:02","date_gmt":"2016-06-29T16:01:02","guid":{"rendered":"http:\/\/www.weli.at\/kinder\/bilder-auf-seide\/"},"modified":"2016-06-29T16:01:03","modified_gmt":"2016-06-29T16:01:03","slug":"bilder-auf-seide-mittwoch-27-07","status":"publish","type":"post","link":"https:\/\/www.weli.at\/kinder\/bilder-auf-seide-mittwoch-27-07\/","title":{"rendered":"BILDER AUF SEIDE &#8211; Mittwoch, 27.07."},"content":{"rendered":"<p>Der Ferienzug wird im Raum Innsbuck, Tirol durchgef\u00fchrt. Es gibt Veranstaltungen f\u00fcr Kinder zu vielen spannenden Unternehmungen w\u00e4hrend der Ferien (falls Langweile aufkommt oder wenn Kinderbetreuung notwendig ist): Sport, Wissenschaft, Bewegung, Geschichte, Spannung, Kreativ, Technik, Natur und Outdoor,  etc<\/p>\n<p>Datum: Mittwoch, 27.07.2016<\/p>\n<p>Ein selbstgemachter Bildentwurf wird auf die auf einem Holzrahmen aufgespannte Seide \u00fcbertragen. Dann erfolgt die weitere Ausgestaltung mit Konturenmittel und leuchtenden Seidenmalfarben.<\/p>\n<p>Treffpunkt: 09.50 Uhr, Erzherzog-Eugen- Str. 9<br \/>\nDauer: 10.00 &#8211; 12.00 Uhr,<br \/>\nAlter: 7 &#8211; 14 Jahre<\/p>\n<p>Ausr\u00fcstung: Malhemd,<br \/>\nKosten: \u0080 9,&#8211;<\/p>\n<h2>Malen f\u00fcr Kinder<\/h2>\n<p>Kategorie: Malen f\u00fcr Kinder<\/p>\n<p>Anmeldung: Kunsttreffpunkt, Tel. 0650\/9912419 (18.00 &#8211; 19.30 Uhr) oder E-Mail: e.unterluggauer@kunsttreffpunkt.at<br \/>\nQuelle: <a href=\"http:\/\/www.junges-innsbruck.at\/\" target=\"_blank\" rel=\"noopener\">Ferienzug Innsbruck<\/a><\/p>\n","protected":false},"excerpt":{"rendered":"<p>Der Ferienzug wird im Raum Innsbuck, Tirol durchgef\u00fchrt. Es gibt Veranstaltungen f\u00fcr Kinder zu vielen spannenden Unternehmungen w\u00e4hrend der Ferien (falls Langweile aufkommt oder wenn Kinderbetreuung notwendig ist): Sport, Wissenschaft, Bewegung, Geschichte, Spannung, Kreativ, Technik, Natur und Outdoor, etc Datum: Mittwoch, 27.07.2016 Ein selbstgemachter Bildentwurf wird auf die auf einem Holzrahmen aufgespannte Seide \u00fcbertragen. Dann&#8230; <a class=\"more-link\" href=\"https:\/\/www.weli.at\/kinder\/bilder-auf-seide-mittwoch-27-07\/\">BILDER AUF SEIDE 8211<\/a> <a class=\"more-link\" href=\"https:\/\/www.weli.at\/kinder\/bilder-auf-seide-mittwoch-27-07\/\">BILDER AUF SEIDE 8211<\/a><\/p>\n","protected":false},"author":1,"featured_media":0,"comment_status":"open","ping_status":"open","sticky":false,"template":"","format":"standard","meta":{"_et_pb_use_builder":"","_et_pb_old_content":"","_et_gb_content_width":""},"categories":[236,203],"tags":[],"_links":{"self":[{"href":"https:\/\/www.weli.at\/kinder\/wp-json\/wp\/v2\/posts\/14455"}],"collection":[{"href":"https:\/\/www.weli.at\/kinder\/wp-json\/wp\/v2\/posts"}],"about":[{"href":"https:\/\/www.weli.at\/kinder\/wp-json\/wp\/v2\/types\/post"}],"author":[{"embeddable":true,"href":"https:\/\/www.weli.at\/kinder\/wp-json\/wp\/v2\/users\/1"}],"replies":[{"embeddable":true,"href":"https:\/\/www.weli.at\/kinder\/wp-json\/wp\/v2\/comments?post=14455"}],"version-history":[{"count":0,"href":"https:\/\/www.weli.at\/kinder\/wp-json\/wp\/v2\/posts\/14455\/revisions"}],"wp:attachment":[{"href":"https:\/\/www.weli.at\/kinder\/wp-json\/wp\/v2\/media?parent=14455"}],"wp:term":[{"taxonomy":"category","embeddable":true,"href":"https:\/\/www.weli.at\/kinder\/wp-json\/wp\/v2\/categories?post=14455"},{"taxonomy":"post_tag","embeddable":true,"href":"https:\/\/www.weli.at\/kinder\/wp-json\/wp\/v2\/tags?post=14455"}],"curies":[{"name":"wp","href":"https:\/\/api.w.org\/{rel}","templated":true}]}}