{"id":14467,"date":"2016-06-29T16:01:02","date_gmt":"2016-06-29T16:01:02","guid":{"rendered":"http:\/\/www.weli.at\/kinder\/der-kaiser-der-musik-liebte\/"},"modified":"2016-06-29T16:01:03","modified_gmt":"2016-06-29T16:01:03","slug":"der-kaiser-der-musik-liebte-freitag-12-08","status":"publish","type":"post","link":"https:\/\/www.weli.at\/kinder\/der-kaiser-der-musik-liebte-freitag-12-08\/","title":{"rendered":"DER KAISER, DER MUSIK LIEBTE &#8211; Freitag, 12.08."},"content":{"rendered":"<p>Der Ferienzug wird im Raum Innsbuck, Tirol durchgef\u00fchrt. Es gibt Veranstaltungen f\u00fcr Kinder zu vielen spannenden Unternehmungen w\u00e4hrend der Ferien (falls Langweile aufkommt oder wenn Kinderbetreuung notwendig ist): Sport, Wissenschaft, Bewegung, Geschichte, Spannung, Kreativ, Technik, Natur und Outdoor,  etc<\/p>\n<p>Datum: Freitag, 12.08.2016<\/p>\n<p>Ein abwechslungsreiches Konzert entf\u00fchrt uns in die Zeit Kaiser Maxilimilian I. Spannende Details aus dem Leben und Umfeld des Kaisers werden erg\u00e4nzt durch farbenfrohe Musik auf Spinett, Einhandfl\u00f6te und Schellentrommel. Eine unterhaltsame Auff\u00fchrung f\u00fcr die ganze Familie, die auch zum Mitmachen anregt.<\/p>\n<p>Treffpunkt: 09.00 Uhr, Museum Goldenes Dachl<br \/>\nDauer: 09.00 &#8211; 10.00 Uhr,<br \/>\nAlter: ab 6 Jahre<\/p>\n<p>Ausr\u00fcstung:<br \/>\nKosten: <\/p>\n<h2>Musik f\u00fcr Kinder<\/h2>\n<p>Kategorie: Musik f\u00fcr Kinder<\/p>\n<p>Anmeldung: Referat Kinder- &#038; Jugendf\u00f6rderung, Tel. 5360-4222 oder 4224<br \/>\nQuelle: <a href=\"http:\/\/www.junges-innsbruck.at\/\" target=\"_blank\" rel=\"noopener\">Ferienzug Innsbruck<\/a><\/p>\n","protected":false},"excerpt":{"rendered":"<p>Der Ferienzug wird im Raum Innsbuck, Tirol durchgef\u00fchrt. Es gibt Veranstaltungen f\u00fcr Kinder zu vielen spannenden Unternehmungen w\u00e4hrend der Ferien (falls Langweile aufkommt oder wenn Kinderbetreuung notwendig ist): Sport, Wissenschaft, Bewegung, Geschichte, Spannung, Kreativ, Technik, Natur und Outdoor, etc Datum: Freitag, 12.08.2016 Ein abwechslungsreiches Konzert entf\u00fchrt uns in die Zeit Kaiser Maxilimilian I. Spannende Details&#8230; <a class=\"more-link\" href=\"https:\/\/www.weli.at\/kinder\/der-kaiser-der-musik-liebte-freitag-12-08\/\">DER KAISER DER MUSIK<\/a> <a class=\"more-link\" href=\"https:\/\/www.weli.at\/kinder\/der-kaiser-der-musik-liebte-freitag-12-08\/\">DER KAISER DER MUSIK<\/a><\/p>\n","protected":false},"author":1,"featured_media":0,"comment_status":"open","ping_status":"open","sticky":false,"template":"","format":"standard","meta":{"_et_pb_use_builder":"","_et_pb_old_content":"","_et_gb_content_width":""},"categories":[236,54],"tags":[],"_links":{"self":[{"href":"https:\/\/www.weli.at\/kinder\/wp-json\/wp\/v2\/posts\/14467"}],"collection":[{"href":"https:\/\/www.weli.at\/kinder\/wp-json\/wp\/v2\/posts"}],"about":[{"href":"https:\/\/www.weli.at\/kinder\/wp-json\/wp\/v2\/types\/post"}],"author":[{"embeddable":true,"href":"https:\/\/www.weli.at\/kinder\/wp-json\/wp\/v2\/users\/1"}],"replies":[{"embeddable":true,"href":"https:\/\/www.weli.at\/kinder\/wp-json\/wp\/v2\/comments?post=14467"}],"version-history":[{"count":0,"href":"https:\/\/www.weli.at\/kinder\/wp-json\/wp\/v2\/posts\/14467\/revisions"}],"wp:attachment":[{"href":"https:\/\/www.weli.at\/kinder\/wp-json\/wp\/v2\/media?parent=14467"}],"wp:term":[{"taxonomy":"category","embeddable":true,"href":"https:\/\/www.weli.at\/kinder\/wp-json\/wp\/v2\/categories?post=14467"},{"taxonomy":"post_tag","embeddable":true,"href":"https:\/\/www.weli.at\/kinder\/wp-json\/wp\/v2\/tags?post=14467"}],"curies":[{"name":"wp","href":"https:\/\/api.w.org\/{rel}","templated":true}]}}