{"id":14495,"date":"2016-06-29T16:01:06","date_gmt":"2016-06-29T16:01:06","guid":{"rendered":"http:\/\/www.weli.at\/kinder\/erste-hilfe-fuer-kids-8\/"},"modified":"2016-06-29T16:01:06","modified_gmt":"2016-06-29T16:01:06","slug":"erste-hilfe-fuer-kids-freitag-02-09","status":"publish","type":"post","link":"https:\/\/www.weli.at\/kinder\/erste-hilfe-fuer-kids-freitag-02-09\/","title":{"rendered":"ERSTE HILFE F\u00fcR KIDS &#8211; Freitag, 02.09."},"content":{"rendered":"<p>Der Ferienzug wird im Raum Innsbuck, Tirol durchgef\u00fchrt. Es gibt Veranstaltungen f\u00fcr Kinder zu vielen spannenden Unternehmungen w\u00e4hrend der Ferien (falls Langweile aufkommt oder wenn Kinderbetreuung notwendig ist): Sport, Wissenschaft, Bewegung, Geschichte, Spannung, Kreativ, Technik, Natur und Outdoor,  etc<\/p>\n<p>Datum: Freitag, 02.09.2016<\/p>\n<p>K\u00f6nnen Kinder Erste Hilfe leisten? Stabile Seitenlage und Wiederbeleben ist kinderleicht. Au\u00dferdem darf der Blick ins Rettungsauto nicht fehlen.<\/p>\n<p>Treffpunkt: 09.00 Uhr, Freiwillige Rettung Innsbruck, Sillufer 3<br \/>\nDauer: 09.00 &#8211; 12.00 Uhr,<br \/>\nAlter: 10 &#8211; 14 Jahre,<\/p>\n<p>Ausr\u00fcstung:<br \/>\nKosten: \u0080 5,&#8211;<\/p>\n<h2>Gesundheit f\u00fcr Kinder<\/h2>\n<p>Kategorie: Gesundheit f\u00fcr Kinder<\/p>\n<p>Anmeldung: \u00d6sterreichisches Rotes Kreuz, Tel. 0512\/33444-28 (08.00-12.00) oder E-Mail: ausbildung@roteskreuz-innsbruck.at<br \/>\nQuelle: <a href=\"http:\/\/www.junges-innsbruck.at\/\" target=\"_blank\" rel=\"noopener\">Ferienzug Innsbruck<\/a><\/p>\n","protected":false},"excerpt":{"rendered":"<p>Der Ferienzug wird im Raum Innsbuck, Tirol durchgef\u00fchrt. Es gibt Veranstaltungen f\u00fcr Kinder zu vielen spannenden Unternehmungen w\u00e4hrend der Ferien (falls Langweile aufkommt oder wenn Kinderbetreuung notwendig ist): Sport, Wissenschaft, Bewegung, Geschichte, Spannung, Kreativ, Technik, Natur und Outdoor, etc Datum: Freitag, 02.09.2016 K\u00f6nnen Kinder Erste Hilfe leisten? Stabile Seitenlage und Wiederbeleben ist kinderleicht. Au\u00dferdem darf&#8230; <a class=\"more-link\" href=\"https:\/\/www.weli.at\/kinder\/erste-hilfe-fuer-kids-freitag-02-09\/\">ERSTE HILFE F\u00fcR KIDS<\/a> <a class=\"more-link\" href=\"https:\/\/www.weli.at\/kinder\/erste-hilfe-fuer-kids-freitag-02-09\/\">ERSTE HILFE F\u00fcR KIDS<\/a><\/p>\n","protected":false},"author":1,"featured_media":0,"comment_status":"open","ping_status":"open","sticky":false,"template":"","format":"standard","meta":{"_et_pb_use_builder":"","_et_pb_old_content":"","_et_gb_content_width":""},"categories":[236,211],"tags":[],"_links":{"self":[{"href":"https:\/\/www.weli.at\/kinder\/wp-json\/wp\/v2\/posts\/14495"}],"collection":[{"href":"https:\/\/www.weli.at\/kinder\/wp-json\/wp\/v2\/posts"}],"about":[{"href":"https:\/\/www.weli.at\/kinder\/wp-json\/wp\/v2\/types\/post"}],"author":[{"embeddable":true,"href":"https:\/\/www.weli.at\/kinder\/wp-json\/wp\/v2\/users\/1"}],"replies":[{"embeddable":true,"href":"https:\/\/www.weli.at\/kinder\/wp-json\/wp\/v2\/comments?post=14495"}],"version-history":[{"count":0,"href":"https:\/\/www.weli.at\/kinder\/wp-json\/wp\/v2\/posts\/14495\/revisions"}],"wp:attachment":[{"href":"https:\/\/www.weli.at\/kinder\/wp-json\/wp\/v2\/media?parent=14495"}],"wp:term":[{"taxonomy":"category","embeddable":true,"href":"https:\/\/www.weli.at\/kinder\/wp-json\/wp\/v2\/categories?post=14495"},{"taxonomy":"post_tag","embeddable":true,"href":"https:\/\/www.weli.at\/kinder\/wp-json\/wp\/v2\/tags?post=14495"}],"curies":[{"name":"wp","href":"https:\/\/api.w.org\/{rel}","templated":true}]}}