{"id":14530,"date":"2016-06-29T16:01:08","date_gmt":"2016-06-29T16:01:08","guid":{"rendered":"http:\/\/www.weli.at\/kinder\/funky-jazzdance-4\/"},"modified":"2016-06-29T16:01:09","modified_gmt":"2016-06-29T16:01:09","slug":"funky-jazzdance-montag-25-07-dienstag-26-07","status":"publish","type":"post","link":"https:\/\/www.weli.at\/kinder\/funky-jazzdance-montag-25-07-dienstag-26-07\/","title":{"rendered":"FUNKY JAZZDANCE &#8211; Montag, 25.07. &#8211; Dienstag, 26.07."},"content":{"rendered":"<p>Der Ferienzug wird im Raum Innsbuck, Tirol durchgef\u00fchrt. Es gibt Veranstaltungen f\u00fcr Kinder zu vielen spannenden Unternehmungen w\u00e4hrend der Ferien (falls Langweile aufkommt oder wenn Kinderbetreuung notwendig ist): Sport, Wissenschaft, Bewegung, Geschichte, Spannung, Kreativ, Technik, Natur und Outdoor,  etc<\/p>\n<p>Datum: Montag, 25.07. &#8211; Dienstag, 26.07.2016<\/p>\n<p>Unter dem Motto \u0082\u0091Spa\u00df und Freude am Tanzen\u0091\u0091 werden Choreographien zu aktueller Musik (High School Musical) einstudiert. Nach einem kurzen Warm-up starten wir mit coolen Moves und einer fetzigen Choreographie.<\/p>\n<p>Treffpunkt: 09.00 Uhr, Neue Mittelschule Wilten, Michael-Gaismair-Str. 6 (Eingang Ilse-Br\u00fcll-Gasse)<br \/>\nDauer: 09.00 &#8211; 12.00 Uhr,<br \/>\nAlter: 6 &#8211; 11 Jahre<\/p>\n<p>Ausr\u00fcstung: Turnbekleidung, Getr\u00e4nk,<br \/>\nKosten: \u0080 20,&#8211;<\/p>\n<h2>Tanz f\u00fcr Kinder<\/h2>\n<p>Kategorie: Tanz f\u00fcr Kinder<\/p>\n<p>Anmeldung: Dancing Unlimited, Tel. 0699\/11182362 (09.00-13.00 Uhr) oder E-Mail: info@dancingunlimited.at<br \/>\nQuelle: <a href=\"http:\/\/www.junges-innsbruck.at\/\" target=\"_blank\" rel=\"noopener\">Ferienzug Innsbruck<\/a><\/p>\n","protected":false},"excerpt":{"rendered":"<p>Der Ferienzug wird im Raum Innsbuck, Tirol durchgef\u00fchrt. Es gibt Veranstaltungen f\u00fcr Kinder zu vielen spannenden Unternehmungen w\u00e4hrend der Ferien (falls Langweile aufkommt oder wenn Kinderbetreuung notwendig ist): Sport, Wissenschaft, Bewegung, Geschichte, Spannung, Kreativ, Technik, Natur und Outdoor, etc Datum: Montag, 25.07. &#8211; Dienstag, 26.07.2016 Unter dem Motto \u0082\u0091Spa\u00df und Freude am Tanzen\u0091\u0091 werden Choreographien&#8230; <a class=\"more-link\" href=\"https:\/\/www.weli.at\/kinder\/funky-jazzdance-montag-25-07-dienstag-26-07\/\">FUNKY JAZZDANCE 8211 Montag<\/a> <a class=\"more-link\" href=\"https:\/\/www.weli.at\/kinder\/funky-jazzdance-montag-25-07-dienstag-26-07\/\">FUNKY JAZZDANCE 8211 Montag<\/a><\/p>\n","protected":false},"author":1,"featured_media":0,"comment_status":"open","ping_status":"open","sticky":false,"template":"","format":"standard","meta":{"_et_pb_use_builder":"","_et_pb_old_content":"","_et_gb_content_width":""},"categories":[236,208],"tags":[],"_links":{"self":[{"href":"https:\/\/www.weli.at\/kinder\/wp-json\/wp\/v2\/posts\/14530"}],"collection":[{"href":"https:\/\/www.weli.at\/kinder\/wp-json\/wp\/v2\/posts"}],"about":[{"href":"https:\/\/www.weli.at\/kinder\/wp-json\/wp\/v2\/types\/post"}],"author":[{"embeddable":true,"href":"https:\/\/www.weli.at\/kinder\/wp-json\/wp\/v2\/users\/1"}],"replies":[{"embeddable":true,"href":"https:\/\/www.weli.at\/kinder\/wp-json\/wp\/v2\/comments?post=14530"}],"version-history":[{"count":0,"href":"https:\/\/www.weli.at\/kinder\/wp-json\/wp\/v2\/posts\/14530\/revisions"}],"wp:attachment":[{"href":"https:\/\/www.weli.at\/kinder\/wp-json\/wp\/v2\/media?parent=14530"}],"wp:term":[{"taxonomy":"category","embeddable":true,"href":"https:\/\/www.weli.at\/kinder\/wp-json\/wp\/v2\/categories?post=14530"},{"taxonomy":"post_tag","embeddable":true,"href":"https:\/\/www.weli.at\/kinder\/wp-json\/wp\/v2\/tags?post=14530"}],"curies":[{"name":"wp","href":"https:\/\/api.w.org\/{rel}","templated":true}]}}