{"id":14533,"date":"2016-06-29T16:01:10","date_gmt":"2016-06-29T16:01:10","guid":{"rendered":"http:\/\/www.weli.at\/kinder\/geheime-klappbilder\/"},"modified":"2016-06-29T16:01:10","modified_gmt":"2016-06-29T16:01:10","slug":"geheime-klappbilder-mittwoch-20-07","status":"publish","type":"post","link":"https:\/\/www.weli.at\/kinder\/geheime-klappbilder-mittwoch-20-07\/","title":{"rendered":"GEHEIME KLAPPBILDER &#8211; Mittwoch, 20.07."},"content":{"rendered":"<p>Der Ferienzug wird im Raum Innsbuck, Tirol durchgef\u00fchrt. Es gibt Veranstaltungen f\u00fcr Kinder zu vielen spannenden Unternehmungen w\u00e4hrend der Ferien (falls Langweile aufkommt oder wenn Kinderbetreuung notwendig ist): Sport, Wissenschaft, Bewegung, Geschichte, Spannung, Kreativ, Technik, Natur und Outdoor,  etc<\/p>\n<p>Datum: Mittwoch, 20.07.2016<\/p>\n<p>Arbeitet wie K\u00fcnstler vor 500 Jahren mit selbst anger\u00fchrten Farben auf Holz und gestaltet zwei zusammenklappbare Rahmen, in die ihr ein Bild von euch oder einer anderen Person malen k\u00f6nnt. Anregungen findet ihr in Portr\u00e4ts ber\u00fchmter Maler aus der Zeit Kaiser Maximilian I.<\/p>\n<p>Treffpunkt: 09.00 Uhr, Ferdinandeum, Museumstra\u00dfe 15<br \/>\nDauer: 09.00 &#8211; 12.00 Uhr,<br \/>\nAlter: 6 &#8211; 12 Jahre,<\/p>\n<p>Ausr\u00fcstung:<br \/>\nKosten: \u0080 5,&#8211;<\/p>\n<h2>Spannung f\u00fcr Kinder<\/h2>\n<p>Kategorie: Spannung f\u00fcr Kinder<\/p>\n<p>Anmeldung: Tiroler Landesmuseen, Tel. 0512\/59489-111 oder E-Mail: anmeldung@tiroler-landesmuseen.at<br \/>\nQuelle: <a href=\"http:\/\/www.junges-innsbruck.at\/\" target=\"_blank\" rel=\"noopener\">Ferienzug Innsbruck<\/a><\/p>\n","protected":false},"excerpt":{"rendered":"<p>Der Ferienzug wird im Raum Innsbuck, Tirol durchgef\u00fchrt. Es gibt Veranstaltungen f\u00fcr Kinder zu vielen spannenden Unternehmungen w\u00e4hrend der Ferien (falls Langweile aufkommt oder wenn Kinderbetreuung notwendig ist): Sport, Wissenschaft, Bewegung, Geschichte, Spannung, Kreativ, Technik, Natur und Outdoor, etc Datum: Mittwoch, 20.07.2016 Arbeitet wie K\u00fcnstler vor 500 Jahren mit selbst anger\u00fchrten Farben auf Holz und&#8230; <a class=\"more-link\" href=\"https:\/\/www.weli.at\/kinder\/geheime-klappbilder-mittwoch-20-07\/\">GEHEIME KLAPPBILDER 8211 Mittwoch<\/a> <a class=\"more-link\" href=\"https:\/\/www.weli.at\/kinder\/geheime-klappbilder-mittwoch-20-07\/\">GEHEIME KLAPPBILDER 8211 Mittwoch<\/a><\/p>\n","protected":false},"author":1,"featured_media":0,"comment_status":"open","ping_status":"open","sticky":false,"template":"","format":"standard","meta":{"_et_pb_use_builder":"","_et_pb_old_content":"","_et_gb_content_width":""},"categories":[236,204],"tags":[],"_links":{"self":[{"href":"https:\/\/www.weli.at\/kinder\/wp-json\/wp\/v2\/posts\/14533"}],"collection":[{"href":"https:\/\/www.weli.at\/kinder\/wp-json\/wp\/v2\/posts"}],"about":[{"href":"https:\/\/www.weli.at\/kinder\/wp-json\/wp\/v2\/types\/post"}],"author":[{"embeddable":true,"href":"https:\/\/www.weli.at\/kinder\/wp-json\/wp\/v2\/users\/1"}],"replies":[{"embeddable":true,"href":"https:\/\/www.weli.at\/kinder\/wp-json\/wp\/v2\/comments?post=14533"}],"version-history":[{"count":0,"href":"https:\/\/www.weli.at\/kinder\/wp-json\/wp\/v2\/posts\/14533\/revisions"}],"wp:attachment":[{"href":"https:\/\/www.weli.at\/kinder\/wp-json\/wp\/v2\/media?parent=14533"}],"wp:term":[{"taxonomy":"category","embeddable":true,"href":"https:\/\/www.weli.at\/kinder\/wp-json\/wp\/v2\/categories?post=14533"},{"taxonomy":"post_tag","embeddable":true,"href":"https:\/\/www.weli.at\/kinder\/wp-json\/wp\/v2\/tags?post=14533"}],"curies":[{"name":"wp","href":"https:\/\/api.w.org\/{rel}","templated":true}]}}