{"id":14577,"date":"2016-06-29T16:01:14","date_gmt":"2016-06-29T16:01:14","guid":{"rendered":"http:\/\/www.weli.at\/kinder\/junge-uni-2\/"},"modified":"2016-06-29T16:01:14","modified_gmt":"2016-06-29T16:01:14","slug":"junge-uni-mittwoch-10-08","status":"publish","type":"post","link":"https:\/\/www.weli.at\/kinder\/junge-uni-mittwoch-10-08\/","title":{"rendered":"JUNGE UNI &#8211; Mittwoch, 10.08."},"content":{"rendered":"<p>Der Ferienzug wird im Raum Innsbuck, Tirol durchgef\u00fchrt. Es gibt Veranstaltungen f\u00fcr Kinder zu vielen spannenden Unternehmungen w\u00e4hrend der Ferien (falls Langweile aufkommt oder wenn Kinderbetreuung notwendig ist): Sport, Wissenschaft, Bewegung, Geschichte, Spannung, Kreativ, Technik, Natur und Outdoor,  etc<\/p>\n<p>Datum: Mittwoch, 10.08.2016<\/p>\n<p>Mit Aufnhameger\u00e4ten bewaffnet sammeln wir die Umgebungsger\u00e4usche und den ortseigenen Klang in und um die Universit\u00e4t Innsbruck ein. Die einzelnen Aufnahmen k\u00f6nnen dann am Computer zu einer \u0084Soundscape\u0093 zusammengef\u00fcgt und mit nach Hause genommen werden.<\/p>\n<p>Treffpunkt: 09.15 Uhr, Cafe UBI-Chat, Bruno-Sander-Haus, Innrain 52<br \/>\nDauer: 09.30 &#8211; 12.30 Uhr,<br \/>\nAlter: 8 &#8211; 12 Jahre<\/p>\n<p>Ausr\u00fcstung: Junge Uni, www.uibk.ac.at\/jungeuni<br \/>\nKosten: <\/p>\n<h2>Wissenshaft f\u00fcr Kinder<\/h2>\n<p>Kategorie: Wissenshaft f\u00fcr Kinder<\/p>\n<p>Anmeldung:<br \/>\nQuelle: <a href=\"http:\/\/www.junges-innsbruck.at\/\" target=\"_blank\" rel=\"noopener\">Ferienzug Innsbruck<\/a><\/p>\n","protected":false},"excerpt":{"rendered":"<p>Der Ferienzug wird im Raum Innsbuck, Tirol durchgef\u00fchrt. Es gibt Veranstaltungen f\u00fcr Kinder zu vielen spannenden Unternehmungen w\u00e4hrend der Ferien (falls Langweile aufkommt oder wenn Kinderbetreuung notwendig ist): Sport, Wissenschaft, Bewegung, Geschichte, Spannung, Kreativ, Technik, Natur und Outdoor, etc Datum: Mittwoch, 10.08.2016 Mit Aufnhameger\u00e4ten bewaffnet sammeln wir die Umgebungsger\u00e4usche und den ortseigenen Klang in und&#8230; <a class=\"more-link\" href=\"https:\/\/www.weli.at\/kinder\/junge-uni-mittwoch-10-08\/\">JUNGE UNI 8211 Mittwoch<\/a> <a class=\"more-link\" href=\"https:\/\/www.weli.at\/kinder\/junge-uni-mittwoch-10-08\/\">JUNGE UNI 8211 Mittwoch<\/a><\/p>\n","protected":false},"author":1,"featured_media":0,"comment_status":"open","ping_status":"open","sticky":false,"template":"","format":"standard","meta":{"_et_pb_use_builder":"","_et_pb_old_content":"","_et_gb_content_width":""},"categories":[236,219],"tags":[],"_links":{"self":[{"href":"https:\/\/www.weli.at\/kinder\/wp-json\/wp\/v2\/posts\/14577"}],"collection":[{"href":"https:\/\/www.weli.at\/kinder\/wp-json\/wp\/v2\/posts"}],"about":[{"href":"https:\/\/www.weli.at\/kinder\/wp-json\/wp\/v2\/types\/post"}],"author":[{"embeddable":true,"href":"https:\/\/www.weli.at\/kinder\/wp-json\/wp\/v2\/users\/1"}],"replies":[{"embeddable":true,"href":"https:\/\/www.weli.at\/kinder\/wp-json\/wp\/v2\/comments?post=14577"}],"version-history":[{"count":0,"href":"https:\/\/www.weli.at\/kinder\/wp-json\/wp\/v2\/posts\/14577\/revisions"}],"wp:attachment":[{"href":"https:\/\/www.weli.at\/kinder\/wp-json\/wp\/v2\/media?parent=14577"}],"wp:term":[{"taxonomy":"category","embeddable":true,"href":"https:\/\/www.weli.at\/kinder\/wp-json\/wp\/v2\/categories?post=14577"},{"taxonomy":"post_tag","embeddable":true,"href":"https:\/\/www.weli.at\/kinder\/wp-json\/wp\/v2\/tags?post=14577"}],"curies":[{"name":"wp","href":"https:\/\/api.w.org\/{rel}","templated":true}]}}