{"id":14578,"date":"2016-06-29T16:01:14","date_gmt":"2016-06-29T16:01:14","guid":{"rendered":"http:\/\/www.weli.at\/kinder\/junge-uni-on-tour-3\/"},"modified":"2016-06-29T16:01:14","modified_gmt":"2016-06-29T16:01:14","slug":"junge-uni-on-tour-freitag-02-09","status":"publish","type":"post","link":"https:\/\/www.weli.at\/kinder\/junge-uni-on-tour-freitag-02-09\/","title":{"rendered":"JUNGE UNI ON TOUR &#8211; Freitag, 02.09."},"content":{"rendered":"<p>Der Ferienzug wird im Raum Innsbuck, Tirol durchgef\u00fchrt. Es gibt Veranstaltungen f\u00fcr Kinder zu vielen spannenden Unternehmungen w\u00e4hrend der Ferien (falls Langweile aufkommt oder wenn Kinderbetreuung notwendig ist): Sport, Wissenschaft, Bewegung, Geschichte, Spannung, Kreativ, Technik, Natur und Outdoor,  etc<\/p>\n<p>Datum: Freitag, 02.09.2016<\/p>\n<p>Unser Alltag steckt voller verbl\u00fcffender physikalischer Ph\u00e4nomene. Der Grillrost erm\u00f6glicht ungeahnte Klangwelten, der Akkubohrer erl\u00e4utert unsere Farbwahrnehmung und das Gartenschlauchventil l\u00e4sst sogar echte Profis gr\u00fcbeln.<\/p>\n<p>Treffpunkt: 13.00 Uhr, Gel\u00e4nde Baggersee<br \/>\nDauer: 13.00 &#8211; 17.00 Uhr,<br \/>\nAlter: 8 &#8211; 13 Jahre<\/p>\n<p>Ausr\u00fcstung: Eintritt Baggersee<br \/>\nKosten: <\/p>\n<h2>Wissenshaft f\u00fcr Kinder<\/h2>\n<p>Kategorie: Wissenshaft f\u00fcr Kinder<\/p>\n<p>Anmeldung: keine Anmeldung erforderlich<br \/>\nQuelle: <a href=\"http:\/\/www.junges-innsbruck.at\/\" target=\"_blank\" rel=\"noopener\">Ferienzug Innsbruck<\/a><\/p>\n","protected":false},"excerpt":{"rendered":"<p>Der Ferienzug wird im Raum Innsbuck, Tirol durchgef\u00fchrt. Es gibt Veranstaltungen f\u00fcr Kinder zu vielen spannenden Unternehmungen w\u00e4hrend der Ferien (falls Langweile aufkommt oder wenn Kinderbetreuung notwendig ist): Sport, Wissenschaft, Bewegung, Geschichte, Spannung, Kreativ, Technik, Natur und Outdoor, etc Datum: Freitag, 02.09.2016 Unser Alltag steckt voller verbl\u00fcffender physikalischer Ph\u00e4nomene. Der Grillrost erm\u00f6glicht ungeahnte Klangwelten, der&#8230; <a class=\"more-link\" href=\"https:\/\/www.weli.at\/kinder\/junge-uni-on-tour-freitag-02-09\/\">JUNGE UNI ON TOUR<\/a> <a class=\"more-link\" href=\"https:\/\/www.weli.at\/kinder\/junge-uni-on-tour-freitag-02-09\/\">JUNGE UNI ON TOUR<\/a><\/p>\n","protected":false},"author":1,"featured_media":0,"comment_status":"open","ping_status":"open","sticky":false,"template":"","format":"standard","meta":{"_et_pb_use_builder":"","_et_pb_old_content":"","_et_gb_content_width":""},"categories":[236,219],"tags":[],"_links":{"self":[{"href":"https:\/\/www.weli.at\/kinder\/wp-json\/wp\/v2\/posts\/14578"}],"collection":[{"href":"https:\/\/www.weli.at\/kinder\/wp-json\/wp\/v2\/posts"}],"about":[{"href":"https:\/\/www.weli.at\/kinder\/wp-json\/wp\/v2\/types\/post"}],"author":[{"embeddable":true,"href":"https:\/\/www.weli.at\/kinder\/wp-json\/wp\/v2\/users\/1"}],"replies":[{"embeddable":true,"href":"https:\/\/www.weli.at\/kinder\/wp-json\/wp\/v2\/comments?post=14578"}],"version-history":[{"count":0,"href":"https:\/\/www.weli.at\/kinder\/wp-json\/wp\/v2\/posts\/14578\/revisions"}],"wp:attachment":[{"href":"https:\/\/www.weli.at\/kinder\/wp-json\/wp\/v2\/media?parent=14578"}],"wp:term":[{"taxonomy":"category","embeddable":true,"href":"https:\/\/www.weli.at\/kinder\/wp-json\/wp\/v2\/categories?post=14578"},{"taxonomy":"post_tag","embeddable":true,"href":"https:\/\/www.weli.at\/kinder\/wp-json\/wp\/v2\/tags?post=14578"}],"curies":[{"name":"wp","href":"https:\/\/api.w.org\/{rel}","templated":true}]}}