{"id":14584,"date":"2016-06-29T16:01:14","date_gmt":"2016-06-29T16:01:14","guid":{"rendered":"http:\/\/www.weli.at\/kinder\/kinderpolizei\/"},"modified":"2016-06-29T16:01:14","modified_gmt":"2016-06-29T16:01:14","slug":"kinderpolizei-freitag-22-07","status":"publish","type":"post","link":"https:\/\/www.weli.at\/kinder\/kinderpolizei-freitag-22-07\/","title":{"rendered":"KINDERPOLIZEI &#8211; Freitag, 22.07."},"content":{"rendered":"<p>Der Ferienzug wird im Raum Innsbuck, Tirol durchgef\u00fchrt. Es gibt Veranstaltungen f\u00fcr Kinder zu vielen spannenden Unternehmungen w\u00e4hrend der Ferien (falls Langweile aufkommt oder wenn Kinderbetreuung notwendig ist): Sport, Wissenschaft, Bewegung, Geschichte, Spannung, Kreativ, Technik, Natur und Outdoor,  etc<\/p>\n<p>Datum: Freitag, 22.07.2016<\/p>\n<p>133 &#8211; Kinderpolizei &#8211; sei dabei! Mach mit &#8230; bei der Kinderpolizei-Ausbildung. Nach abgelegter Pr\u00fcfung bekommst du am 09.09. Nachmittag bei der Abschlussveranstaltung deinen Kinderpolizei-Ausweis.<\/p>\n<p>Treffpunkt: 09.00 Uhr, Neue Mittelschule Wilten, Michael-Gaismair-Str. 6 (Eingang Ilse-Br\u00fcll-Gasse)<br \/>\nDauer: 09.00 &#8211; 12.00 Uhr<br \/>\nAlter: 8 &#8211; 10 Jahre,<\/p>\n<p>Ausr\u00fcstung:<br \/>\nKosten: \u0080 2,&#8211;<\/p>\n<h2>Polizei f\u00fcr Kinder<\/h2>\n<p>Kategorie: Polizei f\u00fcr Kinder<\/p>\n<p>Anmeldung: Referat Kinder- &#038; Jugendf\u00f6rderung, Tel. 5360-4222 oder 4224<br \/>\nQuelle: <a href=\"http:\/\/www.junges-innsbruck.at\/\" target=\"_blank\" rel=\"noopener\">Ferienzug Innsbruck<\/a><\/p>\n","protected":false},"excerpt":{"rendered":"<p>Der Ferienzug wird im Raum Innsbuck, Tirol durchgef\u00fchrt. Es gibt Veranstaltungen f\u00fcr Kinder zu vielen spannenden Unternehmungen w\u00e4hrend der Ferien (falls Langweile aufkommt oder wenn Kinderbetreuung notwendig ist): Sport, Wissenschaft, Bewegung, Geschichte, Spannung, Kreativ, Technik, Natur und Outdoor, etc Datum: Freitag, 22.07.2016 133 &#8211; Kinderpolizei &#8211; sei dabei! Mach mit &#8230; bei der Kinderpolizei-Ausbildung. Nach&#8230; <a class=\"more-link\" href=\"https:\/\/www.weli.at\/kinder\/kinderpolizei-freitag-22-07\/\">KINDERPOLIZEI 8211 Freitag 2207<\/a> <a class=\"more-link\" href=\"https:\/\/www.weli.at\/kinder\/kinderpolizei-freitag-22-07\/\">KINDERPOLIZEI 8211 Freitag 2207<\/a><\/p>\n","protected":false},"author":1,"featured_media":0,"comment_status":"open","ping_status":"open","sticky":false,"template":"","format":"standard","meta":{"_et_pb_use_builder":"","_et_pb_old_content":"","_et_gb_content_width":""},"categories":[236,220],"tags":[],"_links":{"self":[{"href":"https:\/\/www.weli.at\/kinder\/wp-json\/wp\/v2\/posts\/14584"}],"collection":[{"href":"https:\/\/www.weli.at\/kinder\/wp-json\/wp\/v2\/posts"}],"about":[{"href":"https:\/\/www.weli.at\/kinder\/wp-json\/wp\/v2\/types\/post"}],"author":[{"embeddable":true,"href":"https:\/\/www.weli.at\/kinder\/wp-json\/wp\/v2\/users\/1"}],"replies":[{"embeddable":true,"href":"https:\/\/www.weli.at\/kinder\/wp-json\/wp\/v2\/comments?post=14584"}],"version-history":[{"count":0,"href":"https:\/\/www.weli.at\/kinder\/wp-json\/wp\/v2\/posts\/14584\/revisions"}],"wp:attachment":[{"href":"https:\/\/www.weli.at\/kinder\/wp-json\/wp\/v2\/media?parent=14584"}],"wp:term":[{"taxonomy":"category","embeddable":true,"href":"https:\/\/www.weli.at\/kinder\/wp-json\/wp\/v2\/categories?post=14584"},{"taxonomy":"post_tag","embeddable":true,"href":"https:\/\/www.weli.at\/kinder\/wp-json\/wp\/v2\/tags?post=14584"}],"curies":[{"name":"wp","href":"https:\/\/api.w.org\/{rel}","templated":true}]}}