{"id":14589,"date":"2016-06-29T16:01:14","date_gmt":"2016-06-29T16:01:14","guid":{"rendered":"http:\/\/www.weli.at\/kinder\/klangspuren-2\/"},"modified":"2016-06-29T16:01:15","modified_gmt":"2016-06-29T16:01:15","slug":"klangspuren-dienstag-02-08-2","status":"publish","type":"post","link":"https:\/\/www.weli.at\/kinder\/klangspuren-dienstag-02-08-2\/","title":{"rendered":"KLANGSPUREN &#8211; Dienstag, 02.08."},"content":{"rendered":"<p>Der Ferienzug wird im Raum Innsbuck, Tirol durchgef\u00fchrt. Es gibt Veranstaltungen f\u00fcr Kinder zu vielen spannenden Unternehmungen w\u00e4hrend der Ferien (falls Langweile aufkommt oder wenn Kinderbetreuung notwendig ist): Sport, Wissenschaft, Bewegung, Geschichte, Spannung, Kreativ, Technik, Natur und Outdoor,  etc<\/p>\n<p>Datum: Dienstag, 02.08.2016<\/p>\n<p>Das KLANGSPUREN MOBIL, ein Bus voller Instrumente eines klassischen Symphonieorchesters und noch einige mehr, macht Halt an der Kinderuni. Entdecke selber wie T\u00f6ne auf den verschiedenen Instrumenten entstehen und wie man sie streicht, bl\u00e4st, pfeift oder schl\u00e4gt.<\/p>\n<p>Treffpunkt: 13.15 Uhr, Cafe UBI-Chat, Bruno-Sander-Haus, Innrain 52<br \/>\nDauer: 13.30 &#8211; 16.00 Uhr,<br \/>\nAlter: 10 &#8211; 12 Jahre,<\/p>\n<p>Ausr\u00fcstung:<br \/>\nKosten: \u0080 4,&#8211;<\/p>\n<h2>Kreativ, Musik f\u00fcr Kinder<\/h2>\n<p>Kategorie: Kreativ, Musik f\u00fcr Kinder<\/p>\n<p>Anmeldung: Junge Uni, www.uibk.ac.at\/jungeuni<br \/>\nQuelle: <a href=\"http:\/\/www.junges-innsbruck.at\/\" target=\"_blank\" rel=\"noopener\">Ferienzug Innsbruck<\/a><\/p>\n","protected":false},"excerpt":{"rendered":"<p>Der Ferienzug wird im Raum Innsbuck, Tirol durchgef\u00fchrt. Es gibt Veranstaltungen f\u00fcr Kinder zu vielen spannenden Unternehmungen w\u00e4hrend der Ferien (falls Langweile aufkommt oder wenn Kinderbetreuung notwendig ist): Sport, Wissenschaft, Bewegung, Geschichte, Spannung, Kreativ, Technik, Natur und Outdoor, etc Datum: Dienstag, 02.08.2016 Das KLANGSPUREN MOBIL, ein Bus voller Instrumente eines klassischen Symphonieorchesters und noch einige&#8230; <a class=\"more-link\" href=\"https:\/\/www.weli.at\/kinder\/klangspuren-dienstag-02-08-2\/\">KLANGSPUREN 8211 Dienstag 0208<\/a> <a class=\"more-link\" href=\"https:\/\/www.weli.at\/kinder\/klangspuren-dienstag-02-08-2\/\">KLANGSPUREN 8211 Dienstag 0208<\/a><\/p>\n","protected":false},"author":1,"featured_media":0,"comment_status":"open","ping_status":"open","sticky":false,"template":"","format":"standard","meta":{"_et_pb_use_builder":"","_et_pb_old_content":"","_et_gb_content_width":""},"categories":[236,209,54],"tags":[],"_links":{"self":[{"href":"https:\/\/www.weli.at\/kinder\/wp-json\/wp\/v2\/posts\/14589"}],"collection":[{"href":"https:\/\/www.weli.at\/kinder\/wp-json\/wp\/v2\/posts"}],"about":[{"href":"https:\/\/www.weli.at\/kinder\/wp-json\/wp\/v2\/types\/post"}],"author":[{"embeddable":true,"href":"https:\/\/www.weli.at\/kinder\/wp-json\/wp\/v2\/users\/1"}],"replies":[{"embeddable":true,"href":"https:\/\/www.weli.at\/kinder\/wp-json\/wp\/v2\/comments?post=14589"}],"version-history":[{"count":0,"href":"https:\/\/www.weli.at\/kinder\/wp-json\/wp\/v2\/posts\/14589\/revisions"}],"wp:attachment":[{"href":"https:\/\/www.weli.at\/kinder\/wp-json\/wp\/v2\/media?parent=14589"}],"wp:term":[{"taxonomy":"category","embeddable":true,"href":"https:\/\/www.weli.at\/kinder\/wp-json\/wp\/v2\/categories?post=14589"},{"taxonomy":"post_tag","embeddable":true,"href":"https:\/\/www.weli.at\/kinder\/wp-json\/wp\/v2\/tags?post=14589"}],"curies":[{"name":"wp","href":"https:\/\/api.w.org\/{rel}","templated":true}]}}