{"id":14606,"date":"2016-06-29T16:01:16","date_gmt":"2016-06-29T16:01:16","guid":{"rendered":"http:\/\/www.weli.at\/kinder\/kreativer-kindertanz-4\/"},"modified":"2016-06-29T16:01:16","modified_gmt":"2016-06-29T16:01:16","slug":"kreativer-kindertanz-mittwoch-27-07-donnerstag-28-07","status":"publish","type":"post","link":"https:\/\/www.weli.at\/kinder\/kreativer-kindertanz-mittwoch-27-07-donnerstag-28-07\/","title":{"rendered":"KREATIVER KINDERTANZ &#8211; Mittwoch, 27.07. &#8211; Donnerstag, 28.07."},"content":{"rendered":"<p>Der Ferienzug wird im Raum Innsbuck, Tirol durchgef\u00fchrt. Es gibt Veranstaltungen f\u00fcr Kinder zu vielen spannenden Unternehmungen w\u00e4hrend der Ferien (falls Langweile aufkommt oder wenn Kinderbetreuung notwendig ist): Sport, Wissenschaft, Bewegung, Geschichte, Spannung, Kreativ, Technik, Natur und Outdoor,  etc<\/p>\n<p>Datum: Mittwoch, 27.07. &#8211; Donnerstag, 28.07.2016<\/p>\n<p>Wenn du dich gerne zur Musik bewegst, lernst du hier spielerisch und ohne Leistungsdruck erste Tanzschritte und kleine Choreographien.<\/p>\n<p>Treffpunkt: 09.00 Uhr, Neue Mittelschule Wilten, Michael-Gaismair-Str. 6 (Eingang Ilse-Br\u00fcll-Gasse)<br \/>\nDauer: 09.00 &#8211; 12.00 Uhr,<br \/>\nAlter: 4 &#8211; 7 Jahre<\/p>\n<p>Ausr\u00fcstung: Turnbekleidung, Getr\u00e4nk,<br \/>\nKosten: \u0080 20,&#8211;<\/p>\n<h2>Tanz, Kreativ f\u00fcr Kinder<\/h2>\n<p>Kategorie: Tanz, Kreativ f\u00fcr Kinder<\/p>\n<p>Anmeldung: Dancing Unlimited, Tel. 0699\/11182362 (09.00-13.00 Uhr) oder E-Mail: info@dancingunlimited.at<br \/>\nQuelle: <a href=\"http:\/\/www.junges-innsbruck.at\/\" target=\"_blank\" rel=\"noopener\">Ferienzug Innsbruck<\/a><\/p>\n","protected":false},"excerpt":{"rendered":"<p>Der Ferienzug wird im Raum Innsbuck, Tirol durchgef\u00fchrt. Es gibt Veranstaltungen f\u00fcr Kinder zu vielen spannenden Unternehmungen w\u00e4hrend der Ferien (falls Langweile aufkommt oder wenn Kinderbetreuung notwendig ist): Sport, Wissenschaft, Bewegung, Geschichte, Spannung, Kreativ, Technik, Natur und Outdoor, etc Datum: Mittwoch, 27.07. &#8211; Donnerstag, 28.07.2016 Wenn du dich gerne zur Musik bewegst, lernst du hier&#8230; <a class=\"more-link\" href=\"https:\/\/www.weli.at\/kinder\/kreativer-kindertanz-mittwoch-27-07-donnerstag-28-07\/\">KREATIVER KINDERTANZ 8211 Mittwoch<\/a> <a class=\"more-link\" href=\"https:\/\/www.weli.at\/kinder\/kreativer-kindertanz-mittwoch-27-07-donnerstag-28-07\/\">KREATIVER KINDERTANZ 8211 Mittwoch<\/a><\/p>\n","protected":false},"author":1,"featured_media":0,"comment_status":"open","ping_status":"open","sticky":false,"template":"","format":"standard","meta":{"_et_pb_use_builder":"","_et_pb_old_content":"","_et_gb_content_width":""},"categories":[236,209,208],"tags":[],"_links":{"self":[{"href":"https:\/\/www.weli.at\/kinder\/wp-json\/wp\/v2\/posts\/14606"}],"collection":[{"href":"https:\/\/www.weli.at\/kinder\/wp-json\/wp\/v2\/posts"}],"about":[{"href":"https:\/\/www.weli.at\/kinder\/wp-json\/wp\/v2\/types\/post"}],"author":[{"embeddable":true,"href":"https:\/\/www.weli.at\/kinder\/wp-json\/wp\/v2\/users\/1"}],"replies":[{"embeddable":true,"href":"https:\/\/www.weli.at\/kinder\/wp-json\/wp\/v2\/comments?post=14606"}],"version-history":[{"count":0,"href":"https:\/\/www.weli.at\/kinder\/wp-json\/wp\/v2\/posts\/14606\/revisions"}],"wp:attachment":[{"href":"https:\/\/www.weli.at\/kinder\/wp-json\/wp\/v2\/media?parent=14606"}],"wp:term":[{"taxonomy":"category","embeddable":true,"href":"https:\/\/www.weli.at\/kinder\/wp-json\/wp\/v2\/categories?post=14606"},{"taxonomy":"post_tag","embeddable":true,"href":"https:\/\/www.weli.at\/kinder\/wp-json\/wp\/v2\/tags?post=14606"}],"curies":[{"name":"wp","href":"https:\/\/api.w.org\/{rel}","templated":true}]}}