{"id":14702,"date":"2016-06-29T16:01:25","date_gmt":"2016-06-29T16:01:25","guid":{"rendered":"http:\/\/www.weli.at\/kinder\/reiten-am-fohlenhof-ebbs\/"},"modified":"2016-06-29T16:01:26","modified_gmt":"2016-06-29T16:01:26","slug":"reiten-am-fohlenhof-ebbs-dienstag-09-08","status":"publish","type":"post","link":"https:\/\/www.weli.at\/kinder\/reiten-am-fohlenhof-ebbs-dienstag-09-08\/","title":{"rendered":"REITEN AM FOHLENHOF EBBS &#8211; Dienstag, 09.08."},"content":{"rendered":"<p>Der Ferienzug wird im Raum Innsbuck, Tirol durchgef\u00fchrt. Es gibt Veranstaltungen f\u00fcr Kinder zu vielen spannenden Unternehmungen w\u00e4hrend der Ferien (falls Langweile aufkommt oder wenn Kinderbetreuung notwendig ist): Sport, Wissenschaft, Bewegung, Geschichte, Spannung, Kreativ, Technik, Natur und Outdoor,  etc<\/p>\n<p>Datum: Dienstag, 09.08.2016<\/p>\n<p>Pferdetr\u00e4ume werden wahr! Wer wollte nicht schon immer das ber\u00fchmte Haflingerzentrum Ebbs kennenlernen. Dort k\u00f6nnt ihr alles \u00fcber Haflinger erfahren, reiten und mit der Kutsche fahren. Mit F\u00fchrung durch das Gest\u00fct, Pferdequiz, und, und, und &#8230;<\/p>\n<p>Treffpunkt: 08.00 Uhr, RathausGalerien, Eingang Hotel Penz<br \/>\nDauer: 08.00 &#8211; 16.00 Uhr<br \/>\nAlter: 6 &#8211; 14 Jahre<\/p>\n<p>Ausr\u00fcstung:<br \/>\nKosten: \u0080 15,&#8211;<\/p>\n<h2>Reiten f\u00fcr Kinder<\/h2>\n<p>Kategorie: Reiten f\u00fcr Kinder<\/p>\n<p>Anmeldung: Kaspar Touristik, E-Mail: jarnika@gmx.at<br \/>\nQuelle: <a href=\"http:\/\/www.junges-innsbruck.at\/\" target=\"_blank\" rel=\"noopener\">Ferienzug Innsbruck<\/a><\/p>\n","protected":false},"excerpt":{"rendered":"<p>Der Ferienzug wird im Raum Innsbuck, Tirol durchgef\u00fchrt. Es gibt Veranstaltungen f\u00fcr Kinder zu vielen spannenden Unternehmungen w\u00e4hrend der Ferien (falls Langweile aufkommt oder wenn Kinderbetreuung notwendig ist): Sport, Wissenschaft, Bewegung, Geschichte, Spannung, Kreativ, Technik, Natur und Outdoor, etc Datum: Dienstag, 09.08.2016 Pferdetr\u00e4ume werden wahr! Wer wollte nicht schon immer das ber\u00fchmte Haflingerzentrum Ebbs kennenlernen&#8230;. <a class=\"more-link\" href=\"https:\/\/www.weli.at\/kinder\/reiten-am-fohlenhof-ebbs-dienstag-09-08\/\">REITEN AM FOHLENHOF EBBS<\/a> <a class=\"more-link\" href=\"https:\/\/www.weli.at\/kinder\/reiten-am-fohlenhof-ebbs-dienstag-09-08\/\">REITEN AM FOHLENHOF EBBS<\/a><\/p>\n","protected":false},"author":1,"featured_media":0,"comment_status":"open","ping_status":"open","sticky":false,"template":"","format":"standard","meta":{"_et_pb_use_builder":"","_et_pb_old_content":"","_et_gb_content_width":""},"categories":[236,59],"tags":[],"_links":{"self":[{"href":"https:\/\/www.weli.at\/kinder\/wp-json\/wp\/v2\/posts\/14702"}],"collection":[{"href":"https:\/\/www.weli.at\/kinder\/wp-json\/wp\/v2\/posts"}],"about":[{"href":"https:\/\/www.weli.at\/kinder\/wp-json\/wp\/v2\/types\/post"}],"author":[{"embeddable":true,"href":"https:\/\/www.weli.at\/kinder\/wp-json\/wp\/v2\/users\/1"}],"replies":[{"embeddable":true,"href":"https:\/\/www.weli.at\/kinder\/wp-json\/wp\/v2\/comments?post=14702"}],"version-history":[{"count":0,"href":"https:\/\/www.weli.at\/kinder\/wp-json\/wp\/v2\/posts\/14702\/revisions"}],"wp:attachment":[{"href":"https:\/\/www.weli.at\/kinder\/wp-json\/wp\/v2\/media?parent=14702"}],"wp:term":[{"taxonomy":"category","embeddable":true,"href":"https:\/\/www.weli.at\/kinder\/wp-json\/wp\/v2\/categories?post=14702"},{"taxonomy":"post_tag","embeddable":true,"href":"https:\/\/www.weli.at\/kinder\/wp-json\/wp\/v2\/tags?post=14702"}],"curies":[{"name":"wp","href":"https:\/\/api.w.org\/{rel}","templated":true}]}}