{"id":14703,"date":"2016-06-29T16:01:25","date_gmt":"2016-06-29T16:01:25","guid":{"rendered":"http:\/\/www.weli.at\/kinder\/richtig-gute-fotos-machen-2\/"},"modified":"2016-06-29T16:01:26","modified_gmt":"2016-06-29T16:01:26","slug":"richtig-gute-fotos-machen-dienstag-02-08","status":"publish","type":"post","link":"https:\/\/www.weli.at\/kinder\/richtig-gute-fotos-machen-dienstag-02-08\/","title":{"rendered":"RICHTIG GUTE FOTOS MACHEN &#8211; Dienstag, 02.08."},"content":{"rendered":"<p>Der Ferienzug wird im Raum Innsbuck, Tirol durchgef\u00fchrt. Es gibt Veranstaltungen f\u00fcr Kinder zu vielen spannenden Unternehmungen w\u00e4hrend der Ferien (falls Langweile aufkommt oder wenn Kinderbetreuung notwendig ist): Sport, Wissenschaft, Bewegung, Geschichte, Spannung, Kreativ, Technik, Natur und Outdoor,  etc<\/p>\n<p>Datum: Dienstag, 02.08.2016<\/p>\n<p>Fotografieren kann man heute schon mit Handys. Aber f\u00fcr gute Fotos muss man mehr k\u00f6nnen. Du bekommst viele praktische Tipps, um bessere und interessantere Fotos machen zu k\u00f6nnen. Und alles wird gleich ausprobiert.<\/p>\n<p>Treffpunkt: 09.00 Uhr, vor der Hofburg am Rennweg (gegen\u00fcber Landestheater)<br \/>\nDauer: 09.00 &#8211; 15.00 Uhr<br \/>\nAlter: 10 &#8211; 14 Jahre<\/p>\n<p>Ausr\u00fcstung: Mittagsjause, wetterfeste Kleidung<br \/>\nKosten: \u0080 17,&#8211;<\/p>\n<h2>Kreativ f\u00fcr Kinder<\/h2>\n<p>Kategorie: Kreativ f\u00fcr Kinder<\/p>\n<p>Anmeldung: Tiroler Bildungsinstitut, Tel. 0512\/508-4285 oder E-Mail: medienzentrum@tirol.gv.at<br \/>\nQuelle: <a href=\"http:\/\/www.junges-innsbruck.at\/\" target=\"_blank\" rel=\"noopener\">Ferienzug Innsbruck<\/a><\/p>\n","protected":false},"excerpt":{"rendered":"<p>Der Ferienzug wird im Raum Innsbuck, Tirol durchgef\u00fchrt. Es gibt Veranstaltungen f\u00fcr Kinder zu vielen spannenden Unternehmungen w\u00e4hrend der Ferien (falls Langweile aufkommt oder wenn Kinderbetreuung notwendig ist): Sport, Wissenschaft, Bewegung, Geschichte, Spannung, Kreativ, Technik, Natur und Outdoor, etc Datum: Dienstag, 02.08.2016 Fotografieren kann man heute schon mit Handys. Aber f\u00fcr gute Fotos muss man&#8230; <a class=\"more-link\" href=\"https:\/\/www.weli.at\/kinder\/richtig-gute-fotos-machen-dienstag-02-08\/\">RICHTIG GUTE FOTOS MACHEN<\/a> <a class=\"more-link\" href=\"https:\/\/www.weli.at\/kinder\/richtig-gute-fotos-machen-dienstag-02-08\/\">RICHTIG GUTE FOTOS MACHEN<\/a><\/p>\n","protected":false},"author":1,"featured_media":0,"comment_status":"open","ping_status":"open","sticky":false,"template":"","format":"standard","meta":{"_et_pb_use_builder":"","_et_pb_old_content":"","_et_gb_content_width":""},"categories":[236,209],"tags":[],"_links":{"self":[{"href":"https:\/\/www.weli.at\/kinder\/wp-json\/wp\/v2\/posts\/14703"}],"collection":[{"href":"https:\/\/www.weli.at\/kinder\/wp-json\/wp\/v2\/posts"}],"about":[{"href":"https:\/\/www.weli.at\/kinder\/wp-json\/wp\/v2\/types\/post"}],"author":[{"embeddable":true,"href":"https:\/\/www.weli.at\/kinder\/wp-json\/wp\/v2\/users\/1"}],"replies":[{"embeddable":true,"href":"https:\/\/www.weli.at\/kinder\/wp-json\/wp\/v2\/comments?post=14703"}],"version-history":[{"count":0,"href":"https:\/\/www.weli.at\/kinder\/wp-json\/wp\/v2\/posts\/14703\/revisions"}],"wp:attachment":[{"href":"https:\/\/www.weli.at\/kinder\/wp-json\/wp\/v2\/media?parent=14703"}],"wp:term":[{"taxonomy":"category","embeddable":true,"href":"https:\/\/www.weli.at\/kinder\/wp-json\/wp\/v2\/categories?post=14703"},{"taxonomy":"post_tag","embeddable":true,"href":"https:\/\/www.weli.at\/kinder\/wp-json\/wp\/v2\/tags?post=14703"}],"curies":[{"name":"wp","href":"https:\/\/api.w.org\/{rel}","templated":true}]}}