{"id":14724,"date":"2016-06-29T16:01:28","date_gmt":"2016-06-29T16:01:28","guid":{"rendered":"http:\/\/www.weli.at\/kinder\/schreiben-kleider-geld\/"},"modified":"2016-06-29T16:01:28","modified_gmt":"2016-06-29T16:01:28","slug":"schreiben-kleider-geld-samstag-27-08","status":"publish","type":"post","link":"https:\/\/www.weli.at\/kinder\/schreiben-kleider-geld-samstag-27-08\/","title":{"rendered":"SCHREIBEN, KLEIDER, GELD &#8211; Samstag, 27.08."},"content":{"rendered":"<p>Der Ferienzug wird im Raum Innsbuck, Tirol durchgef\u00fchrt. Es gibt Veranstaltungen f\u00fcr Kinder zu vielen spannenden Unternehmungen w\u00e4hrend der Ferien (falls Langweile aufkommt oder wenn Kinderbetreuung notwendig ist): Sport, Wissenschaft, Bewegung, Geschichte, Spannung, Kreativ, Technik, Natur und Outdoor,  etc<\/p>\n<p>Datum: Samstag, 27.08.2016<\/p>\n<p>Womit kleidete sich ein \u0084Mann von Welt\u0093? Was trug die einfache Bev\u00f6lkerung in der Zeit der Griechen und R\u00f6mer? Und woher wissen wir das \u00fcberhaupt? Welche Leute konnten damals lesen und schreiben? War das \u00fcberhaupt wichtig? Begib dich mit uns auf eine Zeitreise ins Arch\u00e4ologische Museum.<\/p>\n<p>Treffpunkt: 09.45 Uhr, Arch\u00e4ologisches Universit\u00e4tsmuseum, Langer Weg 11<br \/>\nDauer: 10.00 &#8211; 12.00 Uhr<br \/>\nAlter: 10 &#8211; 14 Jahre,<\/p>\n<p>Ausr\u00fcstung:<br \/>\nKosten: \u0080 4,&#8211;<\/p>\n<h2>Kreativ, Geschichte f\u00fcr Kinder<\/h2>\n<p>Kategorie: Kreativ, Geschichte f\u00fcr Kinder<\/p>\n<p>Anmeldung: Junge Uni, www.uibk.ac.at\/jungeuni<br \/>\nQuelle: <a href=\"http:\/\/www.junges-innsbruck.at\/\" target=\"_blank\" rel=\"noopener\">Ferienzug Innsbruck<\/a><\/p>\n","protected":false},"excerpt":{"rendered":"<p>Der Ferienzug wird im Raum Innsbuck, Tirol durchgef\u00fchrt. Es gibt Veranstaltungen f\u00fcr Kinder zu vielen spannenden Unternehmungen w\u00e4hrend der Ferien (falls Langweile aufkommt oder wenn Kinderbetreuung notwendig ist): Sport, Wissenschaft, Bewegung, Geschichte, Spannung, Kreativ, Technik, Natur und Outdoor, etc Datum: Samstag, 27.08.2016 Womit kleidete sich ein \u0084Mann von Welt\u0093? Was trug die einfache Bev\u00f6lkerung in&#8230; <a class=\"more-link\" href=\"https:\/\/www.weli.at\/kinder\/schreiben-kleider-geld-samstag-27-08\/\">SCHREIBEN KLEIDER GELD 8211<\/a> <a class=\"more-link\" href=\"https:\/\/www.weli.at\/kinder\/schreiben-kleider-geld-samstag-27-08\/\">SCHREIBEN KLEIDER GELD 8211<\/a><\/p>\n","protected":false},"author":1,"featured_media":0,"comment_status":"open","ping_status":"open","sticky":false,"template":"","format":"standard","meta":{"_et_pb_use_builder":"","_et_pb_old_content":"","_et_gb_content_width":""},"categories":[236,38,209],"tags":[],"_links":{"self":[{"href":"https:\/\/www.weli.at\/kinder\/wp-json\/wp\/v2\/posts\/14724"}],"collection":[{"href":"https:\/\/www.weli.at\/kinder\/wp-json\/wp\/v2\/posts"}],"about":[{"href":"https:\/\/www.weli.at\/kinder\/wp-json\/wp\/v2\/types\/post"}],"author":[{"embeddable":true,"href":"https:\/\/www.weli.at\/kinder\/wp-json\/wp\/v2\/users\/1"}],"replies":[{"embeddable":true,"href":"https:\/\/www.weli.at\/kinder\/wp-json\/wp\/v2\/comments?post=14724"}],"version-history":[{"count":0,"href":"https:\/\/www.weli.at\/kinder\/wp-json\/wp\/v2\/posts\/14724\/revisions"}],"wp:attachment":[{"href":"https:\/\/www.weli.at\/kinder\/wp-json\/wp\/v2\/media?parent=14724"}],"wp:term":[{"taxonomy":"category","embeddable":true,"href":"https:\/\/www.weli.at\/kinder\/wp-json\/wp\/v2\/categories?post=14724"},{"taxonomy":"post_tag","embeddable":true,"href":"https:\/\/www.weli.at\/kinder\/wp-json\/wp\/v2\/tags?post=14724"}],"curies":[{"name":"wp","href":"https:\/\/api.w.org\/{rel}","templated":true}]}}