{"id":14749,"date":"2016-06-29T16:01:30","date_gmt":"2016-06-29T16:01:30","guid":{"rendered":"http:\/\/www.weli.at\/kinder\/so-ein-theater-im-zirkuszelt\/"},"modified":"2016-06-29T16:01:31","modified_gmt":"2016-06-29T16:01:31","slug":"so-ein-theater-im-zirkuszelt-montag-11-07-samstag-16-07","status":"publish","type":"post","link":"https:\/\/www.weli.at\/kinder\/so-ein-theater-im-zirkuszelt-montag-11-07-samstag-16-07\/","title":{"rendered":"SO EIN THEATER IM ZIRKUSZELT &#8211; Montag, 11.07. &#8211; Samstag, 16.07."},"content":{"rendered":"<p>Der Ferienzug wird im Raum Innsbuck, Tirol durchgef\u00fchrt. Es gibt Veranstaltungen f\u00fcr Kinder zu vielen spannenden Unternehmungen w\u00e4hrend der Ferien (falls Langweile aufkommt oder wenn Kinderbetreuung notwendig ist): Sport, Wissenschaft, Bewegung, Geschichte, Spannung, Kreativ, Technik, Natur und Outdoor,  etc<\/p>\n<p>Datum: Montag, 11.07. &#8211; Samstag, 16.07.2016<\/p>\n<p>Gemeinsam mit dem Regisseur Markus Plattner erfindet ihr ein v\u00f6llig neuartiges St\u00fcck Theater. Ihr werdet (schau)spielen, malen, Musik machen, euer B\u00fchnenbild gestalten, Kost\u00fcme anfertigen und der Fantasie freien Lauf lassen. Und dann geht\u0091s vor Publikum auf die B\u00fchne in unserem Zirkuszelt.<\/p>\n<p>Treffpunkt: 09.00 Uhr, Jugendland-Zirkuswelt Innsbruck<br \/>\nDauer: 09.00 &#8211; 16.00 Uhr,<br \/>\nAlter: 8 &#8211; 14 Jahre<\/p>\n<p>Ausr\u00fcstung: angenehme Kleidung, die schmutzig werden darf<br \/>\nKosten: \u0080 98,&#8211;<\/p>\n<h2>Kreativ f\u00fcr Kinder<\/h2>\n<p>Kategorie: Kreativ f\u00fcr Kinder<\/p>\n<p>Anmeldung: Jugendland K\u00fcnstlerKinder, Tel. 0699\/13418013, E-Mail: service@jugendland.at oder www.jugendland.at<br \/>\nQuelle: <a href=\"http:\/\/www.junges-innsbruck.at\/\" target=\"_blank\" rel=\"noopener\">Ferienzug Innsbruck<\/a><\/p>\n","protected":false},"excerpt":{"rendered":"<p>Der Ferienzug wird im Raum Innsbuck, Tirol durchgef\u00fchrt. Es gibt Veranstaltungen f\u00fcr Kinder zu vielen spannenden Unternehmungen w\u00e4hrend der Ferien (falls Langweile aufkommt oder wenn Kinderbetreuung notwendig ist): Sport, Wissenschaft, Bewegung, Geschichte, Spannung, Kreativ, Technik, Natur und Outdoor, etc Datum: Montag, 11.07. &#8211; Samstag, 16.07.2016 Gemeinsam mit dem Regisseur Markus Plattner erfindet ihr ein v\u00f6llig&#8230; <a class=\"more-link\" href=\"https:\/\/www.weli.at\/kinder\/so-ein-theater-im-zirkuszelt-montag-11-07-samstag-16-07\/\">SO EIN THEATER IM<\/a> <a class=\"more-link\" href=\"https:\/\/www.weli.at\/kinder\/so-ein-theater-im-zirkuszelt-montag-11-07-samstag-16-07\/\">SO EIN THEATER IM<\/a><\/p>\n","protected":false},"author":1,"featured_media":0,"comment_status":"open","ping_status":"open","sticky":false,"template":"","format":"standard","meta":{"_et_pb_use_builder":"","_et_pb_old_content":"","_et_gb_content_width":""},"categories":[236,209],"tags":[],"_links":{"self":[{"href":"https:\/\/www.weli.at\/kinder\/wp-json\/wp\/v2\/posts\/14749"}],"collection":[{"href":"https:\/\/www.weli.at\/kinder\/wp-json\/wp\/v2\/posts"}],"about":[{"href":"https:\/\/www.weli.at\/kinder\/wp-json\/wp\/v2\/types\/post"}],"author":[{"embeddable":true,"href":"https:\/\/www.weli.at\/kinder\/wp-json\/wp\/v2\/users\/1"}],"replies":[{"embeddable":true,"href":"https:\/\/www.weli.at\/kinder\/wp-json\/wp\/v2\/comments?post=14749"}],"version-history":[{"count":0,"href":"https:\/\/www.weli.at\/kinder\/wp-json\/wp\/v2\/posts\/14749\/revisions"}],"wp:attachment":[{"href":"https:\/\/www.weli.at\/kinder\/wp-json\/wp\/v2\/media?parent=14749"}],"wp:term":[{"taxonomy":"category","embeddable":true,"href":"https:\/\/www.weli.at\/kinder\/wp-json\/wp\/v2\/categories?post=14749"},{"taxonomy":"post_tag","embeddable":true,"href":"https:\/\/www.weli.at\/kinder\/wp-json\/wp\/v2\/tags?post=14749"}],"curies":[{"name":"wp","href":"https:\/\/api.w.org\/{rel}","templated":true}]}}