{"id":14757,"date":"2016-06-29T16:01:32","date_gmt":"2016-06-29T16:01:32","guid":{"rendered":"http:\/\/www.weli.at\/kinder\/speckstein-und-schmuckstuecke-12\/"},"modified":"2016-06-29T16:01:32","modified_gmt":"2016-06-29T16:01:32","slug":"speckstein-und-schmuckstuecke-montag-22-08","status":"publish","type":"post","link":"https:\/\/www.weli.at\/kinder\/speckstein-und-schmuckstuecke-montag-22-08\/","title":{"rendered":"SPECKSTEIN UND SCHMUCKST\u00fcCKE &#8211; Montag, 22.08."},"content":{"rendered":"<p>Der Ferienzug wird im Raum Innsbuck, Tirol durchgef\u00fchrt. Es gibt Veranstaltungen f\u00fcr Kinder zu vielen spannenden Unternehmungen w\u00e4hrend der Ferien (falls Langweile aufkommt oder wenn Kinderbetreuung notwendig ist): Sport, Wissenschaft, Bewegung, Geschichte, Spannung, Kreativ, Technik, Natur und Outdoor,  etc<\/p>\n<p>Datum: Montag, 22.08.2016<\/p>\n<p>Wir raspeln, feilen und s\u00e4gen und machen wundersch\u00f6ne Schmuckst\u00fccke und Gl\u00fcckssteine. Nach der abschlie\u00dfenden Politur gl\u00e4nzt dein Werkst\u00fcck wie ein echter Halbedelstein.<\/p>\n<p>Treffpunkt: 09.50 Uhr, Erzherzog-Eugen- Str. 9<br \/>\nDauer: 10.00 &#8211; 12.00 Uhr,<br \/>\nAlter: 5 &#8211; 14 Jahre<\/p>\n<p>Ausr\u00fcstung: Malhemd,<br \/>\nKosten: \u0080 7,&#8211;<\/p>\n<h2>Kreativ f\u00fcr Kinder<\/h2>\n<p>Kategorie: Kreativ f\u00fcr Kinder<\/p>\n<p>Anmeldung: Kunsttreffpunkt, Tel. 0650\/9912419 (18.00 &#8211; 19.30 Uhr) oder E-Mail: e.unterluggauer@kunsttreffpunkt.at<br \/>\nQuelle: <a href=\"http:\/\/www.junges-innsbruck.at\/\" target=\"_blank\" rel=\"noopener\">Ferienzug Innsbruck<\/a><\/p>\n","protected":false},"excerpt":{"rendered":"<p>Der Ferienzug wird im Raum Innsbuck, Tirol durchgef\u00fchrt. Es gibt Veranstaltungen f\u00fcr Kinder zu vielen spannenden Unternehmungen w\u00e4hrend der Ferien (falls Langweile aufkommt oder wenn Kinderbetreuung notwendig ist): Sport, Wissenschaft, Bewegung, Geschichte, Spannung, Kreativ, Technik, Natur und Outdoor, etc Datum: Montag, 22.08.2016 Wir raspeln, feilen und s\u00e4gen und machen wundersch\u00f6ne Schmuckst\u00fccke und Gl\u00fcckssteine. Nach der&#8230; <a class=\"more-link\" href=\"https:\/\/www.weli.at\/kinder\/speckstein-und-schmuckstuecke-montag-22-08\/\">SPECKSTEIN UND SCHMUCKST\u00fcCKE 8211<\/a> <a class=\"more-link\" href=\"https:\/\/www.weli.at\/kinder\/speckstein-und-schmuckstuecke-montag-22-08\/\">SPECKSTEIN UND SCHMUCKST\u00fcCKE 8211<\/a><\/p>\n","protected":false},"author":1,"featured_media":0,"comment_status":"open","ping_status":"open","sticky":false,"template":"","format":"standard","meta":{"_et_pb_use_builder":"","_et_pb_old_content":"","_et_gb_content_width":""},"categories":[236,209],"tags":[],"_links":{"self":[{"href":"https:\/\/www.weli.at\/kinder\/wp-json\/wp\/v2\/posts\/14757"}],"collection":[{"href":"https:\/\/www.weli.at\/kinder\/wp-json\/wp\/v2\/posts"}],"about":[{"href":"https:\/\/www.weli.at\/kinder\/wp-json\/wp\/v2\/types\/post"}],"author":[{"embeddable":true,"href":"https:\/\/www.weli.at\/kinder\/wp-json\/wp\/v2\/users\/1"}],"replies":[{"embeddable":true,"href":"https:\/\/www.weli.at\/kinder\/wp-json\/wp\/v2\/comments?post=14757"}],"version-history":[{"count":0,"href":"https:\/\/www.weli.at\/kinder\/wp-json\/wp\/v2\/posts\/14757\/revisions"}],"wp:attachment":[{"href":"https:\/\/www.weli.at\/kinder\/wp-json\/wp\/v2\/media?parent=14757"}],"wp:term":[{"taxonomy":"category","embeddable":true,"href":"https:\/\/www.weli.at\/kinder\/wp-json\/wp\/v2\/categories?post=14757"},{"taxonomy":"post_tag","embeddable":true,"href":"https:\/\/www.weli.at\/kinder\/wp-json\/wp\/v2\/tags?post=14757"}],"curies":[{"name":"wp","href":"https:\/\/api.w.org\/{rel}","templated":true}]}}