{"id":15589,"date":"2016-08-02T08:56:48","date_gmt":"2016-08-02T08:56:48","guid":{"rendered":"http:\/\/www.weli.at\/kinder\/?p=15589"},"modified":"2016-08-29T20:47:43","modified_gmt":"2016-08-29T20:47:43","slug":"jugendzentrum-aranea-maedchen","status":"publish","type":"post","link":"https:\/\/www.weli.at\/kinder\/jugendzentrum-aranea-maedchen\/","title":{"rendered":"Jugendzentrum Aranea M\u00e4dchen"},"content":{"rendered":"<p><strong>N\u00e4h Workshop Gl\u00fcckskekse beim Workshop im M\u00e4dchenzentrum Aranea!<\/strong><\/p>\n<p>F\u00fcr den Welt-M\u00e4dchentag werden bei ARANEA gemeinsam mit dem N\u00e4hcafe Nadel\u00f6hr Gl\u00fcckskekse mit euren Botschaften gen\u00e4ht!<br \/>\nF\u00fcr die Planung wird um Anmeldung gebeten. <\/p>\n<p><strong>Termin<\/strong><!--more--><\/p>\n<p>Mittwoch, 21.9.2016, 16-20.00<\/p>\n<p><strong>Ort<\/strong> ARANEA M\u00e4dchenzentrum<br \/>\n<strong>Kosten, Eintritt:<\/strong> KOSTENLOS <\/p>\n<p><strong>Kontakt<\/strong><br \/>\nARANEA-M\u00e4dchenzentrum<br \/>\nSch\u00f6pfstra\u00dfe 4, 6020 Innsbruck<br \/>\nwww.aranea.or.at<br \/>\ninfo@aranea.or.at<br \/>\nTelefon: 0512\/890422<br \/>\n0650\/2831902<\/p>\n<p><strong>\u00d6ffnungszeiten:<\/strong><br \/>\nGP: Mi-Fr: 16-20 Uhr, jeden 1. Sa\/Monat 12-18 Uhr<br \/>\nB\u00fcro- Sprechstunde: Mi: 12:30-14:30<\/p>\n","protected":false},"excerpt":{"rendered":"<p>N\u00e4h Workshop Gl\u00fcckskekse beim Workshop im M\u00e4dchenzentrum Aranea! F\u00fcr den Welt-M\u00e4dchentag werden bei ARANEA gemeinsam mit dem N\u00e4hcafe Nadel\u00f6hr Gl\u00fcckskekse mit euren Botschaften gen\u00e4ht! F\u00fcr die Planung wird um Anmeldung gebeten. Termin <a class=\"more-link\" href=\"https:\/\/www.weli.at\/kinder\/jugendzentrum-aranea-maedchen\/\">Jugendzentrum Aranea M\u00e4dchen<\/a><\/p>\n","protected":false},"author":2,"featured_media":0,"comment_status":"closed","ping_status":"closed","sticky":false,"template":"","format":"standard","meta":{"_et_pb_use_builder":"","_et_pb_old_content":"","_et_gb_content_width":""},"categories":[2,8,209,79],"tags":[],"_links":{"self":[{"href":"https:\/\/www.weli.at\/kinder\/wp-json\/wp\/v2\/posts\/15589"}],"collection":[{"href":"https:\/\/www.weli.at\/kinder\/wp-json\/wp\/v2\/posts"}],"about":[{"href":"https:\/\/www.weli.at\/kinder\/wp-json\/wp\/v2\/types\/post"}],"author":[{"embeddable":true,"href":"https:\/\/www.weli.at\/kinder\/wp-json\/wp\/v2\/users\/2"}],"replies":[{"embeddable":true,"href":"https:\/\/www.weli.at\/kinder\/wp-json\/wp\/v2\/comments?post=15589"}],"version-history":[{"count":0,"href":"https:\/\/www.weli.at\/kinder\/wp-json\/wp\/v2\/posts\/15589\/revisions"}],"wp:attachment":[{"href":"https:\/\/www.weli.at\/kinder\/wp-json\/wp\/v2\/media?parent=15589"}],"wp:term":[{"taxonomy":"category","embeddable":true,"href":"https:\/\/www.weli.at\/kinder\/wp-json\/wp\/v2\/categories?post=15589"},{"taxonomy":"post_tag","embeddable":true,"href":"https:\/\/www.weli.at\/kinder\/wp-json\/wp\/v2\/tags?post=15589"}],"curies":[{"name":"wp","href":"https:\/\/api.w.org\/{rel}","templated":true}]}}