{"id":15621,"date":"2016-09-10T20:49:10","date_gmt":"2016-09-10T20:49:10","guid":{"rendered":"http:\/\/www.weli.at\/kinder\/?p=15621"},"modified":"2016-11-20T08:19:32","modified_gmt":"2016-11-20T08:19:32","slug":"psychische-erkrankung-in-familie","status":"publish","type":"post","link":"https:\/\/www.weli.at\/kinder\/psychische-erkrankung-in-familie\/","title":{"rendered":"Psychische Erkrankung in Familie"},"content":{"rendered":"<p>Psychische Erkrankung ist nicht nur ein Thema des Einzelnen, sondern immer auch der Familie. Es ist aber auch nicht nur ein Thema der Fachleute. Jeder kennt jemanden, der betroffen ist und in unserem Inneren wissen wir auch, dass es uns betreffen kann.<br \/>\n<strong><br \/>\nWas hei\u00dft eigentlich psychisch erkrankt?<\/strong><!--more--><\/p>\n<p>Manchmal bringt eine Kleinigkeit unser System aus der Balance. Manchmal ist es eine langsame schleichende Entwicklung.<\/p>\n<p>Eine psychische Erkrankung kann nicht klar vom Zustand des gesunden getrennt werden. Es gibt keine Grenze, die eindeutig ist. Das ist irritierend und verunsichernd. Die Linien sind flie\u00dfend. Psychisch gesund beschreiben die meisten Menschen als Gef\u00fchl der Ganzheit oder des &#8222;in seiner Mitte seins&#8220;. Aber diese innere Balance wird durch Gewalterfahrungen, Stress, Belastungen, aktuelle und fr\u00fchere Verletzungen, pers\u00f6nliche Beziehungen und vieles mehr bedroht. Wir erleben Situationen, denen wir mit unseren individuellen Mustern und inneren Ressourcen nicht gewachsen sind. Sie fordern unsere innere Sicherheit heraus und bringen uns manchmal mehr, manchmal weniger aus der Balance.Und manchmal ist genau der Versuch, alles &#8222;ideal&#8220; und &#8222;richtig zu machen, alles im Griff zu haben, das Gef\u00e4hrliche.<\/p>\n<p>Das Wesen der psychischen Erkrankung wird unter anderem dadurch gekennzeichnet, dass wir selber unser Verhalten, unser Denken und F\u00fchlen nicht in dem Ausma\u00df bewusst steuern k\u00f6nnen, wie wir es gerne w\u00fcrden. Es reicht eben nicht, \u201esich einfach zusammen zu rei\u00dfen\u201c.  Man kann so gerne man es m\u00f6chte, die gut gemeinten und manchmal auch sinnvoll klingenden Ratschl\u00e4ge von Freunden nicht umsetzen. Man hat den Eindruck sich selbst ausgesetzt zu sein.<br \/>\nFast alle psychischen Erkrankungen gehen mit einem Gef\u00fchl einer inneren Unruhe und h\u00e4ufig einer Unsicherheit einher. Man hat das Gef\u00fchl nicht ganz man selbst zu sein. Und gleichzeitig ist man sehr bem\u00fcht genau diese Gef\u00fchle zu verbergen, die Dinge richtig zu machen. Das ist anstrengend und f\u00fchrt zu einer weiteren Belastung. So beginnt h\u00e4ufig ein Teufelskreis.<\/p>\n<p>Das Bem\u00fchen &#8222;normal&#8220; zu sein und in Beziehung zu sein ist gro\u00df, aber es stellt f\u00fcr betroffene Angeh\u00f6rige eine gro\u00dfe Herausforderung dar. Man ist unsicher, will aber nicht dar\u00fcber reden, weil man Sicherheit vermitteln will. Man kennt sich selber nicht aus, und wei\u00df nicht ob man fordern oder schonen soll. Man sehnt sich nach dem Gegen\u00fcber, das aber in diesen Situationen nicht greifbar ist. Man wei\u00df nicht, wie man in Kontakt kommen kann und soll.<br \/>\nKinder sind von diesem Dilemma in einem noch h\u00f6heren Ausma\u00df betroffen. <\/p>\n<p><strong>Fachworkshop<\/strong><br \/>\nFreitag 30.09.16, 09:00\u201318:00 Uhr, Samstag 01.10.16, 09:00\u201317:00 Uhr<\/p>\n<p><strong>Beitrag: <\/strong>350,\u2013 Euro inkl. USt., Unterlagen und Pausenverpflegung<\/p>\n<p><strong>Hinweise<\/strong> Der Workshop wird auf D\u00e4nisch mit \u00dcbersetzung gehalten.<\/p>\n<p><strong>Anmeldung<\/strong><br \/>\nwww.igfb.org\/seminar-vortrag<br \/>\nSeminarraum IGfB, G\u00e4nsbacherstra\u00dfe 6, 6020 Innsbruck<\/p>\n<p>Karen Glistrup (DK) ist Psychotherapeutin mit Spezialisierung auf Paar- und Familientherapie und Sozialarbeiterin. <\/p>\n<p><strong>Literatur<\/strong><br \/>\nWas ist blo\u00df mit Mama los? (K\u00f6sel 2014)<br \/>\nSag mir die Wahrheit (Beltz 2016)<\/p>\n<p>http:\/\/www.igfb.org\/mm_content\/V201610-IGfB-KarenGlistrup_Bitte_redet_mir_mirWH_IBK.pdf<\/p>\n","protected":false},"excerpt":{"rendered":"<p>Psychische Erkrankung ist nicht nur ein Thema des Einzelnen, sondern immer auch der Familie. Es ist aber auch nicht nur ein Thema der Fachleute. Jeder kennt jemanden, der betroffen ist und in unserem Inneren wissen wir auch, dass es uns betreffen kann. Was hei\u00dft eigentlich psychisch erkrankt? <a class=\"more-link\" href=\"https:\/\/www.weli.at\/kinder\/psychische-erkrankung-in-familie\/\">Psychische Erkrankung in Familie<\/a><\/p>\n","protected":false},"author":2,"featured_media":0,"comment_status":"closed","ping_status":"closed","sticky":false,"template":"","format":"standard","meta":{"_et_pb_use_builder":"","_et_pb_old_content":"","_et_gb_content_width":""},"categories":[10,12,211,81],"tags":[],"_links":{"self":[{"href":"https:\/\/www.weli.at\/kinder\/wp-json\/wp\/v2\/posts\/15621"}],"collection":[{"href":"https:\/\/www.weli.at\/kinder\/wp-json\/wp\/v2\/posts"}],"about":[{"href":"https:\/\/www.weli.at\/kinder\/wp-json\/wp\/v2\/types\/post"}],"author":[{"embeddable":true,"href":"https:\/\/www.weli.at\/kinder\/wp-json\/wp\/v2\/users\/2"}],"replies":[{"embeddable":true,"href":"https:\/\/www.weli.at\/kinder\/wp-json\/wp\/v2\/comments?post=15621"}],"version-history":[{"count":0,"href":"https:\/\/www.weli.at\/kinder\/wp-json\/wp\/v2\/posts\/15621\/revisions"}],"wp:attachment":[{"href":"https:\/\/www.weli.at\/kinder\/wp-json\/wp\/v2\/media?parent=15621"}],"wp:term":[{"taxonomy":"category","embeddable":true,"href":"https:\/\/www.weli.at\/kinder\/wp-json\/wp\/v2\/categories?post=15621"},{"taxonomy":"post_tag","embeddable":true,"href":"https:\/\/www.weli.at\/kinder\/wp-json\/wp\/v2\/tags?post=15621"}],"curies":[{"name":"wp","href":"https:\/\/api.w.org\/{rel}","templated":true}]}}