{"id":15623,"date":"2016-09-10T20:57:42","date_gmt":"2016-09-10T20:57:42","guid":{"rendered":"http:\/\/www.weli.at\/kinder\/?p=15623"},"modified":"2016-11-20T08:26:45","modified_gmt":"2016-11-20T08:26:45","slug":"familienhotel-familotel-seitenalm-angebot","status":"publish","type":"post","link":"https:\/\/www.weli.at\/kinder\/familienhotel-familotel-seitenalm-angebot\/","title":{"rendered":"Familienhotel Familotel Seitenalm Angebot"},"content":{"rendered":"<p>Herbst Angebot im Familienhotel Seitenalm g\u00fcltig von 10. September bis 29. Oktober 2016, pro Nacht ab \u20ac 283,&#8211;! Familien-Festpreis-Wochen im Herbst!<br \/>\n<!--more--><\/p>\n<p>Animationsprogramm:<\/p>\n<p>    Drachen steigen lassen<br \/>\n    Heufiguren basteln<br \/>\n    Bunte Herbstbl\u00e4tter sammeln<br \/>\n    Brot backen und Butter sch\u00fctteln mit Julia<br \/>\n    wir machen ein Nagelbild<br \/>\n    Bastel eines Waldmobile<br \/>\n    Windlichter basteln f\u00fcr zu Hause<br \/>\n    Tannenzapfenbild mit selbst gesammelten Tannenzapfen<br \/>\n    T\u00fcrschild f\u00fcr unser Zimmer zu Hause<br \/>\n    t\u00e4gliches Tiere f\u00fcttern<br \/>\n    t\u00e4gliches Treffen mit &#8222;Happy&#8220; dem Clown<br \/>\n    Hexentag am Hexenhaus<\/p>\n<p>Das <strong>Familotel Seitenalm<\/strong> in Radstadt bietet alles was Eltern und Kinder gern haben.<br \/>\nAlleinlage auf 1.150 Meter Seeh\u00f6he, 40.000 qm gesicherte Au\u00dfenanlage und 600 qm Indoor Spielbereiche!<br \/>\n<div id=\"attachment_3623\" style=\"width: 310px\" class=\"wp-caption alignleft\"><a href=\"https:\/\/www.weli.at\/kinder\/wp-content\/uploads\/2013\/07\/IMG_6144.jpg\"><img aria-describedby=\"caption-attachment-3623\" loading=\"lazy\" src=\"https:\/\/www.weli.at\/kinder\/wp-content\/uploads\/2013\/07\/IMG_6144-300x200.jpg\" alt=\"\" title=\"Seitenalm\" width=\"300\" height=\"200\" class=\"size-medium wp-image-3623\" \/><\/a><p id=\"caption-attachment-3623\" class=\"wp-caption-text\">Seitenalm<\/p><\/div><\/p>\n<p>Kostenlos: Kinderbetreuung, Babybetreuung und Teenagerbetreuung, Familien Animationsprogramm, Ponyreiten, Fischen und Streicheltiere.<\/p>\n<p>Ausgezeichneter Wellness Bereich, Massage- und Kosmetikangebot f\u00fcr Kinder, Babies und Erwachsene<\/p>\n<p>All-Inclusiv Alkoholfrei mit Fr\u00fchst\u00fccksbuffet, sehr gro\u00dfz\u00fcgigem Mittagsimbiss, Kuchen und Obst Buffet und<br \/>\n5-Gang-Abend-Wahlmen\u00fc + Salatbuffet + Kinderbuffet<br \/>\nAuch alles f\u00fcr Babys<br \/>\n<div id=\"attachment_3624\" style=\"width: 310px\" class=\"wp-caption alignleft\"><a href=\"https:\/\/www.weli.at\/kinder\/wp-content\/uploads\/2013\/07\/IMG_6164.jpg\"><img aria-describedby=\"caption-attachment-3624\" loading=\"lazy\" src=\"https:\/\/www.weli.at\/kinder\/wp-content\/uploads\/2013\/07\/IMG_6164-300x200.jpg\" alt=\"\" title=\"Baby Buffet\" width=\"300\" height=\"200\" class=\"size-medium wp-image-3624\" \/><\/a><p id=\"caption-attachment-3624\" class=\"wp-caption-text\">Baby Buffet<\/p><\/div><\/p>\n<ul>\n<li>Kinderbetreuung<\/li>\n<li>Spieletage<\/li>\n<li>Rabatte f\u00fcr Kinder<\/li>\n<li>Grosser Garten mit Spielplatz<\/li>\n<li>Wellness f\u00fcr die Eltern<\/li>\n<p>Familienhotel****<br \/>\nDie Seitenalm<br \/>\nFam. Arnold<br \/>\nForstauer Str. 17<br \/>\nA-5550 Radstadt<br \/>\nTelefon: +43 6452 6789<br \/>\nhttp:\/\/www.seitenalm.at\/<\/p>\n","protected":false},"excerpt":{"rendered":"<p>Herbst Angebot im Familienhotel Seitenalm g\u00fcltig von 10. September bis 29. Oktober 2016, pro Nacht ab \u20ac 283,&#8211;! Familien-Festpreis-Wochen im Herbst! <a class=\"more-link\" href=\"https:\/\/www.weli.at\/kinder\/familienhotel-familotel-seitenalm-angebot\/\">Familienhotel Familotel Seitenalm Angebot<\/a><\/p>\n","protected":false},"author":2,"featured_media":0,"comment_status":"closed","ping_status":"closed","sticky":false,"template":"","format":"standard","meta":{"_et_pb_use_builder":"","_et_pb_old_content":"","_et_gb_content_width":""},"categories":[47,80,85,89],"tags":[],"_links":{"self":[{"href":"https:\/\/www.weli.at\/kinder\/wp-json\/wp\/v2\/posts\/15623"}],"collection":[{"href":"https:\/\/www.weli.at\/kinder\/wp-json\/wp\/v2\/posts"}],"about":[{"href":"https:\/\/www.weli.at\/kinder\/wp-json\/wp\/v2\/types\/post"}],"author":[{"embeddable":true,"href":"https:\/\/www.weli.at\/kinder\/wp-json\/wp\/v2\/users\/2"}],"replies":[{"embeddable":true,"href":"https:\/\/www.weli.at\/kinder\/wp-json\/wp\/v2\/comments?post=15623"}],"version-history":[{"count":0,"href":"https:\/\/www.weli.at\/kinder\/wp-json\/wp\/v2\/posts\/15623\/revisions"}],"wp:attachment":[{"href":"https:\/\/www.weli.at\/kinder\/wp-json\/wp\/v2\/media?parent=15623"}],"wp:term":[{"taxonomy":"category","embeddable":true,"href":"https:\/\/www.weli.at\/kinder\/wp-json\/wp\/v2\/categories?post=15623"},{"taxonomy":"post_tag","embeddable":true,"href":"https:\/\/www.weli.at\/kinder\/wp-json\/wp\/v2\/tags?post=15623"}],"curies":[{"name":"wp","href":"https:\/\/api.w.org\/{rel}","templated":true}]}}