{"id":15833,"date":"2016-11-20T07:59:04","date_gmt":"2016-11-20T07:59:04","guid":{"rendered":"http:\/\/www.weli.at\/kinder\/?p=15833"},"modified":"2017-06-19T10:04:35","modified_gmt":"2017-06-19T10:04:35","slug":"christkindlmarkt-weihnachtsmarkt-2016-2","status":"publish","type":"post","link":"https:\/\/www.weli.at\/kinder\/christkindlmarkt-weihnachtsmarkt-2016-2\/","title":{"rendered":"Weihnachtsmarkt 2016"},"content":{"rendered":"<h2>Christkindlmarkt Marktplatz<\/h2>\n<p>Christkindlmarkt und Weihnachsmarkt &#8211; der Famili\u00e4re<\/p>\n<p>Spannende Attraktionen und die heimelige Atmosph\u00e4re machen diesen Markt zu einem Erlebnis f\u00fcr die ganze Familie. Ein nostalgisches Karussell, zutrauliche Ponys und ein Kasperltheater begeistern die kleinen Besucher, w\u00e4hrend die erwachsenen Begleiter alternative Handwerkskunst, weihnachtliche Produkte und bodenst\u00e4ndige Schmankerln bei \u00fcber 60 St\u00e4nden entdecken k\u00f6nnen. Funkelnder Blickfang inmitten des urigen Marktes: der 14 Meter hohe Swarovski-Kristallbaum aus tausenden glitzernden Steinchen&#8230;. der wie aus einem M\u00e4rchen emport ragt und den Mittepunkt des Marktes bildet. <\/p>\n<h2>\u00d6ffnungszeiten<\/h2>\n<p>15. November bis 23. Dezember 2016<br \/>\nt\u00e4gl. 11.00-21.00 Uhr, Handelsst\u00e4nde bis 23.00 Uhr<\/p>\n<h2>Programm<\/h2>\n<p><!--more--><br \/>\n<strong>Kasperltheater, M\u00e4rchenerz\u00e4hlungen und Jonglierprogramm mit Gaukler Frowin<\/strong><br \/>\n14.00 Uhr Kasperltheater<br \/>\n15.00 Uhr Gaukler Frowin<br \/>\n16.00 Uhr Kasperlteater<br \/>\n17.00 Uhr M\u00e4rchen (ab 4 Jahren)<br \/>\n18.00 Uhr Kasperltheater<br \/>\n<strong>Kinderglasblasen<\/strong><br \/>\nJeden Mittwoch ab 15.00 Uhr<br \/>\nJeden Mittwoch k\u00f6nnen Kinder unter Anleitung Weihnachtliches aus Glas blasen und kleine Geschenke mit nach Hause nehmen.<br \/>\n<strong>Senioren &#038; Kindernachmittag<\/strong><br \/>\nJeden Mittwoch 14.00 bis 17.00 Uhr<br \/>\nKiachl und Gl\u00fchweinaktion f\u00fcr Senioren und stark erm\u00e4\u00dfigte Preise bei allen Kinderattraktionen<br \/>\n<strong>Adventfeier<\/strong><br \/>\nJeden Sonntag ab 17.00 Adventfeier f\u00fcr Kinder<\/p>\n<p>http:\/\/www.christkindlmarkt.cc<\/p>\n","protected":false},"excerpt":{"rendered":"<p>Christkindlmarkt Marktplatz Christkindlmarkt und Weihnachsmarkt &#8211; der Famili\u00e4re Spannende Attraktionen und die heimelige Atmosph\u00e4re machen diesen Markt zu einem Erlebnis f\u00fcr die ganze Familie. Ein nostalgisches Karussell, zutrauliche Ponys und ein Kasperltheater begeistern die kleinen Besucher, w\u00e4hrend die erwachsenen Begleiter alternative Handwerkskunst, weihnachtliche Produkte und bodenst\u00e4ndige Schmankerln bei \u00fcber 60 St\u00e4nden entdecken k\u00f6nnen. Funkelnder Blickfang&#8230; <a class=\"more-link\" href=\"https:\/\/www.weli.at\/kinder\/christkindlmarkt-weihnachtsmarkt-2016-2\/\">Weihnachtsmarkt 2016<\/a> <a class=\"more-link\" href=\"https:\/\/www.weli.at\/kinder\/christkindlmarkt-weihnachtsmarkt-2016-2\/\">Weihnachtsmarkt 2016<\/a><\/p>\n","protected":false},"author":2,"featured_media":0,"comment_status":"closed","ping_status":"closed","sticky":false,"template":"","format":"standard","meta":{"_et_pb_use_builder":"","_et_pb_old_content":"","_et_gb_content_width":""},"categories":[3,14,84],"tags":[],"_links":{"self":[{"href":"https:\/\/www.weli.at\/kinder\/wp-json\/wp\/v2\/posts\/15833"}],"collection":[{"href":"https:\/\/www.weli.at\/kinder\/wp-json\/wp\/v2\/posts"}],"about":[{"href":"https:\/\/www.weli.at\/kinder\/wp-json\/wp\/v2\/types\/post"}],"author":[{"embeddable":true,"href":"https:\/\/www.weli.at\/kinder\/wp-json\/wp\/v2\/users\/2"}],"replies":[{"embeddable":true,"href":"https:\/\/www.weli.at\/kinder\/wp-json\/wp\/v2\/comments?post=15833"}],"version-history":[{"count":0,"href":"https:\/\/www.weli.at\/kinder\/wp-json\/wp\/v2\/posts\/15833\/revisions"}],"wp:attachment":[{"href":"https:\/\/www.weli.at\/kinder\/wp-json\/wp\/v2\/media?parent=15833"}],"wp:term":[{"taxonomy":"category","embeddable":true,"href":"https:\/\/www.weli.at\/kinder\/wp-json\/wp\/v2\/categories?post=15833"},{"taxonomy":"post_tag","embeddable":true,"href":"https:\/\/www.weli.at\/kinder\/wp-json\/wp\/v2\/tags?post=15833"}],"curies":[{"name":"wp","href":"https:\/\/api.w.org\/{rel}","templated":true}]}}