{"id":15847,"date":"2016-11-21T21:33:19","date_gmt":"2016-11-21T21:33:19","guid":{"rendered":"http:\/\/www.weli.at\/kinder\/?p=15847"},"modified":"2017-06-19T10:04:35","modified_gmt":"2017-06-19T10:04:35","slug":"christkindlmarkt-weihnachtsmarkt-2016-6","status":"publish","type":"post","link":"https:\/\/www.weli.at\/kinder\/christkindlmarkt-weihnachtsmarkt-2016-6\/","title":{"rendered":"Hall Weihnachtsmarkt 2016"},"content":{"rendered":"<h2>Christkindlmarkt Hall<\/h2>\n<p>Christkindlmarkt und Weihnachsmarkt &#8211; der Adventmarkt in Hall!<\/p>\n<p>Als \u00fcberdimensionaler Adventskalender erstrahlen die H\u00e4userfassaden des mittelalterlichen Stadtkerns von Hall in Tirol im Dezember. Ein vertr\u00e4umtes Ambiente f\u00fcr den Adventmarkt, bei dem M\u00e4rchenerz\u00e4hler, Feuerartisten und weihnachtliche Ch\u00f6re auftreten.<\/p>\n<h2>\u00d6ffnungszeiten<\/h2>\n<p>25.11.2016 &#8211; 24.12.2016<br \/>\nMo bis Fr 15 bis 20 Uhr; Sa und 8. Dez. 10 bis 20 Uhr; So 13 bis 20 Uhr; 24. Dez. 10 bis 13 Uhr<\/p>\n<h2>Programm<\/h2>\n<p><!--more--><br \/>\nAdventsmusik mit Bl\u00e4sergruppen und Ch\u00f6ren: t\u00e4gl. ab 18 Uhr<br \/>\nKinderprogramm mit M\u00e4rchenerz\u00e4hler, Feuershow, Basteln f\u00fcr Weihnachten u.a.: t\u00e4gl. ab 17 Uhr<br \/>\nTraditioneller Nikolauseinzug mit Engeln und Hirten der Volksschulen: 06.12., fr\u00fcher Abend<br \/>\nHaller Sterntalerlauf \u2013 Laufen f\u00fcr den guten Zweck: 08.12., 19 Uhr<\/p>\n<p>http:\/\/www.tirol.at\/<\/p>\n","protected":false},"excerpt":{"rendered":"<p>Christkindlmarkt Hall Christkindlmarkt und Weihnachsmarkt &#8211; der Adventmarkt in Hall! Als \u00fcberdimensionaler Adventskalender erstrahlen die H\u00e4userfassaden des mittelalterlichen Stadtkerns von Hall in Tirol im Dezember. Ein vertr\u00e4umtes Ambiente f\u00fcr den Adventmarkt, bei dem M\u00e4rchenerz\u00e4hler, Feuerartisten und weihnachtliche Ch\u00f6re auftreten. \u00d6ffnungszeiten 25.11.2016 &#8211; 24.12.2016 Mo bis Fr 15 bis 20 Uhr; Sa und 8. Dez. 10&#8230; <a class=\"more-link\" href=\"https:\/\/www.weli.at\/kinder\/christkindlmarkt-weihnachtsmarkt-2016-6\/\">Hall Weihnachtsmarkt 2016<\/a> <a class=\"more-link\" href=\"https:\/\/www.weli.at\/kinder\/christkindlmarkt-weihnachtsmarkt-2016-6\/\">Hall Weihnachtsmarkt 2016<\/a><\/p>\n","protected":false},"author":2,"featured_media":0,"comment_status":"closed","ping_status":"closed","sticky":false,"template":"","format":"standard","meta":{"_et_pb_use_builder":"","_et_pb_old_content":"","_et_gb_content_width":""},"categories":[3,14,84],"tags":[256],"_links":{"self":[{"href":"https:\/\/www.weli.at\/kinder\/wp-json\/wp\/v2\/posts\/15847"}],"collection":[{"href":"https:\/\/www.weli.at\/kinder\/wp-json\/wp\/v2\/posts"}],"about":[{"href":"https:\/\/www.weli.at\/kinder\/wp-json\/wp\/v2\/types\/post"}],"author":[{"embeddable":true,"href":"https:\/\/www.weli.at\/kinder\/wp-json\/wp\/v2\/users\/2"}],"replies":[{"embeddable":true,"href":"https:\/\/www.weli.at\/kinder\/wp-json\/wp\/v2\/comments?post=15847"}],"version-history":[{"count":0,"href":"https:\/\/www.weli.at\/kinder\/wp-json\/wp\/v2\/posts\/15847\/revisions"}],"wp:attachment":[{"href":"https:\/\/www.weli.at\/kinder\/wp-json\/wp\/v2\/media?parent=15847"}],"wp:term":[{"taxonomy":"category","embeddable":true,"href":"https:\/\/www.weli.at\/kinder\/wp-json\/wp\/v2\/categories?post=15847"},{"taxonomy":"post_tag","embeddable":true,"href":"https:\/\/www.weli.at\/kinder\/wp-json\/wp\/v2\/tags?post=15847"}],"curies":[{"name":"wp","href":"https:\/\/api.w.org\/{rel}","templated":true}]}}