{"id":15849,"date":"2016-11-21T21:43:18","date_gmt":"2016-11-21T21:43:18","guid":{"rendered":"http:\/\/www.weli.at\/kinder\/?p=15849"},"modified":"2017-06-19T10:04:35","modified_gmt":"2017-06-19T10:04:35","slug":"christkindlmarkt-weihnachtsmarkt-2016-7","status":"publish","type":"post","link":"https:\/\/www.weli.at\/kinder\/christkindlmarkt-weihnachtsmarkt-2016-7\/","title":{"rendered":"Weihnachtsmarkt Rattenberg 2016"},"content":{"rendered":"<p>Christkindlmarkt und Weihnachsmarkt bei Kramsach!<\/p>\n<p>Im mittelalterlichen Rattenberg, der kleinsten Stadt \u00d6sterreichs, wird der Advent \u00fcberraschend anders gefeiert. Ohne die \u00fcblichen Weihnachtsmarktst\u00e4nde, daf\u00fcr mit ganz viel Kerzenschein, w\u00e4rmenden Feuerstellen und einem besonderen Wein.<\/p>\n<p>Kerzen in den Fenstern, Fackeln und offene Feuerstellen lassen die malerischen Fassaden der mittelalterlichen H\u00e4user in einem warmen, urspr\u00fcnglichen Licht erscheinen, das ein Gef\u00fchl von Geborgenheit vermittelt. In Rattenberg verzichtet man an den Adventswochenenden weitgehend auf k\u00fcnstliches Licht, auf das hektische Blinken und die grellbunten Farborgien, die andernorts alles Weihnachtliche unter sich begraben. Stattdessen: Einkehr, Kontemplation, das Besinnen auf&#8217;s Wesentliche. N\u00e4mlich Licht in die Dunkelheit zu bringen. Wunderbar zum Ausdruck kommt dies beim Lichterlabyrinth und dem umgedrehten Adventskranz, wo die Besucher meditativer Musik und Texten zum Nachdenken lauschen k\u00f6nnen.<\/p>\n<p>Auch die klassischen Verkaufsst\u00e4nde sucht man vergebens beim Rattenberger Advent. Daf\u00fcr zeigen die ber\u00fchmten Glaskunstgesch\u00e4fte ihre Produkte, und auf der Adventb\u00fchne am Christbaum verzaubern heimische Musiker und K\u00fcnstler die G\u00e4ste mit weihnachtlichen Kl\u00e4ngen. Sonntags ziehen die Ankl\u00f6pfler durch die Stadt, und wer Lust auf ein kleines Geschmackserlebnis hat, sollte unbedingt den Adventswein mit Holundergeschmackt probieren, serviert im original Rattenbeger Advent-Glas.<\/p>\n<h2>\u00d6ffnungszeiten<\/h2>\n<p>25.11.2016 &#8211; 18.12.2016<br \/>\nFr ab 16 Uhr, Sa ab 14 Uhr, So ab 15.30 Uhr<\/p>\n<h2>Programm<\/h2>\n<p><!--more--><br \/>\nAdventsspaziergang mit Orgelkonzert: freitags ab 16 Uhr<br \/>\nAdventskonzerte: freitags ab 17 Uhr<br \/>\nKulturelles Hauptprogramm mit Brauchtum und Musik: samstags ab 14 Uhr<br \/>\nAnkl\u00f6pfler ziehen durch die Stadt: sonntags ab 15.30 Uhr<br \/>\n<strong>Freitags und sonntags ist der Eintritt kostenlos.<\/strong> Samstags zum Hauptprogramm ab 14 Uhr werden 5 Euro pro Person erhoben, Kinder bis 12 Jahre frei.<\/p>\n<p>http:\/\/www.tirol.at<\/p>\n","protected":false},"excerpt":{"rendered":"<p>Christkindlmarkt und Weihnachsmarkt bei Kramsach! Im mittelalterlichen Rattenberg, der kleinsten Stadt \u00d6sterreichs, wird der Advent \u00fcberraschend anders gefeiert. Ohne die \u00fcblichen Weihnachtsmarktst\u00e4nde, daf\u00fcr mit ganz viel Kerzenschein, w\u00e4rmenden Feuerstellen und einem besonderen Wein. Kerzen in den Fenstern, Fackeln und offene Feuerstellen lassen die malerischen Fassaden der mittelalterlichen H\u00e4user in einem warmen, urspr\u00fcnglichen Licht erscheinen, das&#8230; <a class=\"more-link\" href=\"https:\/\/www.weli.at\/kinder\/christkindlmarkt-weihnachtsmarkt-2016-7\/\">Weihnachtsmarkt Rattenberg 2016<\/a> <a class=\"more-link\" href=\"https:\/\/www.weli.at\/kinder\/christkindlmarkt-weihnachtsmarkt-2016-7\/\">Weihnachtsmarkt Rattenberg 2016<\/a><\/p>\n","protected":false},"author":2,"featured_media":0,"comment_status":"closed","ping_status":"closed","sticky":false,"template":"","format":"standard","meta":{"_et_pb_use_builder":"","_et_pb_old_content":"","_et_gb_content_width":""},"categories":[3,14,84],"tags":[257],"_links":{"self":[{"href":"https:\/\/www.weli.at\/kinder\/wp-json\/wp\/v2\/posts\/15849"}],"collection":[{"href":"https:\/\/www.weli.at\/kinder\/wp-json\/wp\/v2\/posts"}],"about":[{"href":"https:\/\/www.weli.at\/kinder\/wp-json\/wp\/v2\/types\/post"}],"author":[{"embeddable":true,"href":"https:\/\/www.weli.at\/kinder\/wp-json\/wp\/v2\/users\/2"}],"replies":[{"embeddable":true,"href":"https:\/\/www.weli.at\/kinder\/wp-json\/wp\/v2\/comments?post=15849"}],"version-history":[{"count":0,"href":"https:\/\/www.weli.at\/kinder\/wp-json\/wp\/v2\/posts\/15849\/revisions"}],"wp:attachment":[{"href":"https:\/\/www.weli.at\/kinder\/wp-json\/wp\/v2\/media?parent=15849"}],"wp:term":[{"taxonomy":"category","embeddable":true,"href":"https:\/\/www.weli.at\/kinder\/wp-json\/wp\/v2\/categories?post=15849"},{"taxonomy":"post_tag","embeddable":true,"href":"https:\/\/www.weli.at\/kinder\/wp-json\/wp\/v2\/tags?post=15849"}],"curies":[{"name":"wp","href":"https:\/\/api.w.org\/{rel}","templated":true}]}}