{"id":15851,"date":"2016-11-21T21:54:30","date_gmt":"2016-11-21T21:54:30","guid":{"rendered":"http:\/\/www.weli.at\/kinder\/?p=15851"},"modified":"2017-06-19T10:04:34","modified_gmt":"2017-06-19T10:04:34","slug":"christkindlmarkt-weihnachtsmarkt-2016-8","status":"publish","type":"post","link":"https:\/\/www.weli.at\/kinder\/christkindlmarkt-weihnachtsmarkt-2016-8\/","title":{"rendered":"Kufstein Weihnachtsmarkt 2016"},"content":{"rendered":"<h2>Christkindlmarkt Kufstein<\/h2>\n<p>Christkindlmarkt und Weihnachsmarkt &#8211; Festung Kufstein!<\/p>\n<p>In der Adventszeit verwandelt sich die Kufsteiner Altstadt in ein weihnachtliches Idyll, \u00fcber dem \u2013 gleichsam wie ein heller Stern \u2013 die beleuchtete Festung wacht. An mehreren Orten sorgt ein vielf\u00e4ltiges Programm f\u00fcr besinnliche Stimmung.<\/p>\n<p>Gr\u00f6\u00dfter Anziehungspunkt f\u00fcr Besucher in der Adventszeit ist der Weihnachtsmarkt im Kufsteiner Stadtpark. Hier liegt ein besonderer Schwerpunkt auf Tiroler Gaumenfreuden wie Zillertaler Krapfen und Kiachl. Punsch und Gl\u00fchwein werden in traditionellen Steinkr\u00fcgen ausgeschenkt, und an den St\u00e4nden der Kunsthandwerker l\u00e4sst es sich entspannt nach Weihnachtsgeschenken Ausschau halten. Auf ein buntes Kinderprogramm mit Stockbrotgrillen, Ponyreiten, Karrussellfahrten und der kleinen Nostalgieeisenbahn legt man hier ebenfalls gro\u00dfen Wert. Fantastische Adventsgeschichten gibt es bei der Kinderbuchautorin Brigitte Weninger zu h\u00f6ren.<\/p>\n<p>Eine feste Institution ist aber auch der Weihnachtszauber auf der historischen Festung Kufstein. Dem Trubel der Stra\u00dfen enthoben, kann man hier in den geschichtstr\u00e4chtigen Kasematteng\u00e4ngen der Josefsburg und in der Festungsarena viel Handgemachtes an den Verkaufsst\u00e4nden bewundern. Rund 40 heimische Aussteller und H\u00e4ndler werden erwartet. Kinder d\u00fcrfen in der Weihnachtswerkstube und der Weihnachtsbackstube mit anpacken \u2013 und auch ein bisschen naschen.<\/p>\n<h2>\u00d6ffnungszeiten<\/h2>\n<p>25.11.2016 &#8211; 23.12.2016<br \/>\n<strong>Weihnachtszauber auf der Festung Kufstein:<\/strong> An den Adventswochenenden t\u00e4gl. 11 bis 18 Uhr;<br \/>\n<strong>Weihnachtsmarkt im Stadtpark:<\/strong> t\u00e4gl. vom 25. Nov. bis 22. Dez., Mo bis Fr 16 bis 20 Uhr, Sa\/So 13 bis 20 Uhr; Kinderprogramm t\u00e4gl. bis 18.30 Uhr;<br \/>\n<strong>Haflinger-Advent in Ebbs:<\/strong> 3., 4., 8., 10., und 11. Dez. jeweils 13 bis 19 Uhr<\/p>\n<h2>Programm<\/h2>\n<p><!--more--><br \/>\n<strong>Weihnachtszauber auf der Festung Kufstei<\/strong>n, urspr\u00fcnglich und stilvoll, mit Kunsthandwerk und Tiroler Leckereien<br \/>\n<strong>Weihnachtsmarkt im Stadtpark<\/strong>, mit kreativen Geschenkideen, regionalen Spezialit\u00e4ten, Kinderprogramm sowie Live-Musik Ponyreiten im Kufsteiner Stadtpark: samstags und sonntags bis 18.30 Uhr<br \/>\nDer Nikolaus kommt am 5.12.: Von 11 bis 16 Uhr ist er in den Kufstein Galerien, wo er Fotos mit Kindern macht. Im Anschluss gibt es einen Nikolausumzug im Inntalcenter und ab 17 Uhr im Stadtzentrum. \u00dcberall verteilt er kleine Geschenke an seine kleinen Fans.<\/p>\n<p>http:\/\/www.tirol.at<\/p>\n","protected":false},"excerpt":{"rendered":"<p>Christkindlmarkt Kufstein Christkindlmarkt und Weihnachsmarkt &#8211; Festung Kufstein! In der Adventszeit verwandelt sich die Kufsteiner Altstadt in ein weihnachtliches Idyll, \u00fcber dem \u2013 gleichsam wie ein heller Stern \u2013 die beleuchtete Festung wacht. An mehreren Orten sorgt ein vielf\u00e4ltiges Programm f\u00fcr besinnliche Stimmung. Gr\u00f6\u00dfter Anziehungspunkt f\u00fcr Besucher in der Adventszeit ist der Weihnachtsmarkt im Kufsteiner&#8230; <a class=\"more-link\" href=\"https:\/\/www.weli.at\/kinder\/christkindlmarkt-weihnachtsmarkt-2016-8\/\">Kufstein Weihnachtsmarkt 2016<\/a> <a class=\"more-link\" href=\"https:\/\/www.weli.at\/kinder\/christkindlmarkt-weihnachtsmarkt-2016-8\/\">Kufstein Weihnachtsmarkt 2016<\/a><\/p>\n","protected":false},"author":2,"featured_media":0,"comment_status":"closed","ping_status":"closed","sticky":false,"template":"","format":"standard","meta":{"_et_pb_use_builder":"","_et_pb_old_content":"","_et_gb_content_width":""},"categories":[3,14,84],"tags":[129],"_links":{"self":[{"href":"https:\/\/www.weli.at\/kinder\/wp-json\/wp\/v2\/posts\/15851"}],"collection":[{"href":"https:\/\/www.weli.at\/kinder\/wp-json\/wp\/v2\/posts"}],"about":[{"href":"https:\/\/www.weli.at\/kinder\/wp-json\/wp\/v2\/types\/post"}],"author":[{"embeddable":true,"href":"https:\/\/www.weli.at\/kinder\/wp-json\/wp\/v2\/users\/2"}],"replies":[{"embeddable":true,"href":"https:\/\/www.weli.at\/kinder\/wp-json\/wp\/v2\/comments?post=15851"}],"version-history":[{"count":0,"href":"https:\/\/www.weli.at\/kinder\/wp-json\/wp\/v2\/posts\/15851\/revisions"}],"wp:attachment":[{"href":"https:\/\/www.weli.at\/kinder\/wp-json\/wp\/v2\/media?parent=15851"}],"wp:term":[{"taxonomy":"category","embeddable":true,"href":"https:\/\/www.weli.at\/kinder\/wp-json\/wp\/v2\/categories?post=15851"},{"taxonomy":"post_tag","embeddable":true,"href":"https:\/\/www.weli.at\/kinder\/wp-json\/wp\/v2\/tags?post=15851"}],"curies":[{"name":"wp","href":"https:\/\/api.w.org\/{rel}","templated":true}]}}