{"id":15853,"date":"2016-11-21T22:11:05","date_gmt":"2016-11-21T22:11:05","guid":{"rendered":"http:\/\/www.weli.at\/kinder\/?p=15853"},"modified":"2017-06-19T10:04:34","modified_gmt":"2017-06-19T10:04:34","slug":"christkindlmarkt-weihnachtsmarkt-2016-9","status":"publish","type":"post","link":"https:\/\/www.weli.at\/kinder\/christkindlmarkt-weihnachtsmarkt-2016-9\/","title":{"rendered":"Christkindlmarkt Weihnachtsmarkt 2016"},"content":{"rendered":"<h2>Christkindlmarkt Kitzb\u00fchel<\/h2>\n<p>Christkindlmarkt und Weihnachsmarkt &#8211; Kitzb\u00fchel und Jochberg!<\/p>\n<p>Die glamour\u00f6se Sportstadt Kitzb\u00fchel versteht sich auch auf die besinnlichen T\u00f6ne. Wenn Ende November der Weihnachtsmarkt im Zentrum \u00f6ffnet, dann d\u00e4mpft eine zauberhaft vertr\u00e4umte Stimmung die Hektik des Alltags.<\/p>\n<p>Bereits am 24. November geht es dieses Jahr los mit der Adventszeit in Kitzb\u00fchel. Dann n\u00e4mlich wird der Weihnachtsmarkt im Stadtzentrum feierlich er\u00f6ffnet. An vier Tagen in der Woche kann man sich ganz auf das kommende Fest einstimmen, bei gebrannten Mandeln, Gl\u00fchwein und leckeren Tiroler Spezialit\u00e4ten. F\u00fcr Kinder gibt es viel Sch\u00f6nes und Spannendes zu entdecken, zum Beispiel bei der Waldl\u00e4uferin Cornelia Miedler am Lagerfeuer, in den Weihnachtsgeschichten, die im Museum Kitzb\u00fchel vorgelesen werden oder bei den Tieren im Streichelzoo, wo die Kleinen auch mal einen Ausritt mit einem Pony wagen d\u00fcrfen. Und wenn am 5. Dezember der Heilige Nikolaus in die Stadt einzieht, machen bestimmt auch die Eltern gro\u00dfe Augen.<\/p>\n<p>Einen Ausflug wert sind auch die kleineren Veranstaltungen jenseits des Zentrums. So etwa der Himmlische Advent am Rasmushof, der sich am Ende der ber\u00fchmten Hahnenkammpiste befindet. 40 wundersch\u00f6n geschm\u00fcckte Weihnachtsb\u00e4ume locken hier auf die Christkindlwiese. Etwas ganz Besonders ist der begehbare Adventskalender in Reith bei Kitzb\u00fchel, wo jeden Tag bis zum Heiligen Abend ein Adventsfenster ge\u00f6ffnet wird. \u00c4hnlich beschaulich geht es beim Jochberger Bergadvent zu. Dort laden private Gastgeber t\u00e4glich zu sich nach Hause ein. <\/p>\n<h2>\u00d6ffnungszeiten<\/h2>\n<p>24.11.2016 &#8211; 25.12.2016<br \/>\n<strong>Weihnachtsmarkt Kitzb\u00fchel<\/strong>: 24. Nov. bis 25. Dez.; Do, Fr, So 15 bis 20 Uhr, Sa 11 bis 20 Uhr; Handwerksst\u00e4nde nur bis 19 Uhr; 24. Dez. 10 bis 14 Uhr;<br \/>\n<strong>Himmlicher Advent Rasmushof:<\/strong> 26. Nov. bis 23. Dez., t\u00e4gl. 17 bis 19 Uhr, Streichelzoo Fr bis So, 16 bis 19 Uhr;<br \/>\n<strong>Begehbarer Adventskalender Reith:<\/strong> t\u00e4gl. 1. Dez. bis 6. Jan.;<br \/>\n<strong>Jochberger Bergadvent:<\/strong> 1. bis 23. Dez., t\u00e4gl. 16 bis 18 Uhr<\/p>\n<h2>Programm<\/h2>\n<p>Feierliche <strong>Er\u00f6ffnung<\/strong> des Weihnachtsmarktes: 24.11., 18 Uhr<br \/>\n<strong>Zillertaler Weihnacht<\/strong> mit Marc Pircher und Freunden in der Pfarrkiche (Eintritt frei): 1.12., 20 Uhr<br \/>\nGro\u00dfer <strong>Nikolauseinzug<\/strong> mit Krampuslauf: 5.12., 17.30 Uhr<br \/>\n<strong>Weihnachtliche Lesung<\/strong> mit Bergdoktor-Darsteller Hans Sigl und Ferry \u00d6llinger (Soko Kitzb\u00fchel): 9.12., 19 Uhr; Ticket: Euro 19,00 erh\u00e4ltlich unter info@kitzbuehel.com oder +43.5356.66660<br \/>\nKonzert der <strong>Wiltener S\u00e4ngerknaben<\/strong> in der Vorderstadt (Eintritt frei): 8.12., 16.30 und 18 Uhr<br \/>\n<strong>Kinderprogramm<\/strong> am Lagerfeuer mit Waldl\u00e4uferin Cornelia Miedler: jeden Sa au\u00dfer 24.12., 14 Uhr<\/p>\n<p>http:\/\/www.tirol.at<\/p>\n","protected":false},"excerpt":{"rendered":"<p>Christkindlmarkt Kitzb\u00fchel Christkindlmarkt und Weihnachsmarkt &#8211; Kitzb\u00fchel und Jochberg! Die glamour\u00f6se Sportstadt Kitzb\u00fchel versteht sich auch auf die besinnlichen T\u00f6ne. Wenn Ende November der Weihnachtsmarkt im Zentrum \u00f6ffnet, dann d\u00e4mpft eine zauberhaft vertr\u00e4umte Stimmung die Hektik des Alltags. Bereits am 24. November geht es dieses Jahr los mit der Adventszeit in Kitzb\u00fchel. Dann n\u00e4mlich wird&#8230; <a class=\"more-link\" href=\"https:\/\/www.weli.at\/kinder\/christkindlmarkt-weihnachtsmarkt-2016-9\/\">Christkindlmarkt Weihnachtsmarkt 2016<\/a> <a class=\"more-link\" href=\"https:\/\/www.weli.at\/kinder\/christkindlmarkt-weihnachtsmarkt-2016-9\/\">Christkindlmarkt Weihnachtsmarkt 2016<\/a><\/p>\n","protected":false},"author":2,"featured_media":0,"comment_status":"closed","ping_status":"closed","sticky":false,"template":"","format":"standard","meta":{"_et_pb_use_builder":"","_et_pb_old_content":"","_et_gb_content_width":""},"categories":[3,14,84],"tags":[258],"_links":{"self":[{"href":"https:\/\/www.weli.at\/kinder\/wp-json\/wp\/v2\/posts\/15853"}],"collection":[{"href":"https:\/\/www.weli.at\/kinder\/wp-json\/wp\/v2\/posts"}],"about":[{"href":"https:\/\/www.weli.at\/kinder\/wp-json\/wp\/v2\/types\/post"}],"author":[{"embeddable":true,"href":"https:\/\/www.weli.at\/kinder\/wp-json\/wp\/v2\/users\/2"}],"replies":[{"embeddable":true,"href":"https:\/\/www.weli.at\/kinder\/wp-json\/wp\/v2\/comments?post=15853"}],"version-history":[{"count":0,"href":"https:\/\/www.weli.at\/kinder\/wp-json\/wp\/v2\/posts\/15853\/revisions"}],"wp:attachment":[{"href":"https:\/\/www.weli.at\/kinder\/wp-json\/wp\/v2\/media?parent=15853"}],"wp:term":[{"taxonomy":"category","embeddable":true,"href":"https:\/\/www.weli.at\/kinder\/wp-json\/wp\/v2\/categories?post=15853"},{"taxonomy":"post_tag","embeddable":true,"href":"https:\/\/www.weli.at\/kinder\/wp-json\/wp\/v2\/tags?post=15853"}],"curies":[{"name":"wp","href":"https:\/\/api.w.org\/{rel}","templated":true}]}}