{"id":18339,"date":"2017-01-18T21:55:12","date_gmt":"2017-01-18T21:55:12","guid":{"rendered":"http:\/\/www.weli.at\/kinder\/rodelbahn-waldrastsattel\/"},"modified":"2017-06-19T10:04:30","modified_gmt":"2017-06-19T10:04:30","slug":"rodelbahn-waldrastsattel","status":"publish","type":"post","link":"https:\/\/www.weli.at\/kinder\/rodelbahn-waldrastsattel\/","title":{"rendered":"Rodelbahn Waldrastsattel"},"content":{"rendered":"<p>Bezeichnung: Waldrastsattel<br \/>\nGehzeit: 50 min<br \/>\nSeeh\u00f6he: 1565 &#8211; 1685 m<br \/>\nRodelbahn L\u00e4nge: 1 km<br \/>\nRegion: Stubai<br \/>\nAusgangspunkt: <br \/>\nZiel: <br \/>\nErreichbarkeit mit \u00d6ffentlichen Verkehrsmittel: mit IVB-Bus ST<\/p>\n<p>kurze Beschreibung: Verl\u00e4ngerung mit Rodelbahn der Serlesbahnen m\u00f6glich<br \/>\nAuskunft zur Rodelbahn Waldrastsattel gibt es unter +43-5225-627760 Serlesbahnen Mieders<\/p>\n<p>Kommentar von Weli: &#8222;es ist m\u00f6glich mit den Serlesbahnen hochzufahren und von der Bergstation zu starten&#8220;<\/p>\n<p>\nQuelle: winterrodeln.org<\/p>\n","protected":false},"excerpt":{"rendered":"<p>Bezeichnung: Waldrastsattel Gehzeit: 50 min Seeh\u00f6he: 1565 &#8211; 1685 m Rodelbahn L\u00e4nge: 1 km Region: Stubai Ausgangspunkt: Ziel: Erreichbarkeit mit \u00d6ffentlichen Verkehrsmittel: mit IVB-Bus ST kurze Beschreibung: Verl\u00e4ngerung mit Rodelbahn der Serlesbahnen m\u00f6glich Auskunft zur Rodelbahn Waldrastsattel gibt es unter +43-5225-627760 Serlesbahnen Mieders Kommentar von Weli: &#8222;es ist m\u00f6glich mit den Serlesbahnen hochzufahren und von&#8230; <a class=\"more-link\" href=\"https:\/\/www.weli.at\/kinder\/rodelbahn-waldrastsattel\/\">Rodelbahn Waldrastsattel<\/a> <a class=\"more-link\" href=\"https:\/\/www.weli.at\/kinder\/rodelbahn-waldrastsattel\/\">Rodelbahn Waldrastsattel<\/a><\/p>\n","protected":false},"author":1,"featured_media":0,"comment_status":"closed","ping_status":"open","sticky":false,"template":"","format":"standard","meta":{"_et_pb_use_builder":"","_et_pb_old_content":"","_et_gb_content_width":""},"categories":[665],"tags":[],"_links":{"self":[{"href":"https:\/\/www.weli.at\/kinder\/wp-json\/wp\/v2\/posts\/18339"}],"collection":[{"href":"https:\/\/www.weli.at\/kinder\/wp-json\/wp\/v2\/posts"}],"about":[{"href":"https:\/\/www.weli.at\/kinder\/wp-json\/wp\/v2\/types\/post"}],"author":[{"embeddable":true,"href":"https:\/\/www.weli.at\/kinder\/wp-json\/wp\/v2\/users\/1"}],"replies":[{"embeddable":true,"href":"https:\/\/www.weli.at\/kinder\/wp-json\/wp\/v2\/comments?post=18339"}],"version-history":[{"count":0,"href":"https:\/\/www.weli.at\/kinder\/wp-json\/wp\/v2\/posts\/18339\/revisions"}],"wp:attachment":[{"href":"https:\/\/www.weli.at\/kinder\/wp-json\/wp\/v2\/media?parent=18339"}],"wp:term":[{"taxonomy":"category","embeddable":true,"href":"https:\/\/www.weli.at\/kinder\/wp-json\/wp\/v2\/categories?post=18339"},{"taxonomy":"post_tag","embeddable":true,"href":"https:\/\/www.weli.at\/kinder\/wp-json\/wp\/v2\/tags?post=18339"}],"curies":[{"name":"wp","href":"https:\/\/api.w.org\/{rel}","templated":true}]}}