{"id":18370,"date":"2017-01-18T03:50:07","date_gmt":"2017-01-18T03:50:07","guid":{"rendered":"http:\/\/www.weli.at\/kinder\/rodelbahn-goetzner-alm-2\/"},"modified":"2017-06-19T10:04:30","modified_gmt":"2017-06-19T10:04:30","slug":"rodelbahn-goetzner-alm-2","status":"publish","type":"post","link":"https:\/\/www.weli.at\/kinder\/rodelbahn-goetzner-alm-2\/","title":{"rendered":"Rodelbahn G\u00f6tzner Alm"},"content":{"rendered":"<p>Bezeichnung: G\u00f6tzner Alm<br \/>\nGehzeit: 90 min<br \/>\nSeeh\u00f6he: 1088 &#8211; 1542 m<br \/>\nRodelbahn L\u00e4nge: 3 km<br \/>\nRegion: Innsbruck<br \/>\nAusgangspunkt: <br \/>\nZiel: <br \/>\nErreichbarkeit mit \u00d6ffentlichen Verkehrsmittel: mit dem Bus bis zum G\u00f6tzner Dorfplatz<\/p>\n<p>kurze Beschreibung: eher steil<br \/>\nAuskunft zur Rodelbahn G\u00f6tzner Alm gibt es unter +43-664-4935734 G\u00f6tzner Alm<\/p>\n<p>Kommentar von Weli: &#8222;Bei Eis gef\u00e4hrlich!&#8220;<br \/>\nBewertung 4 von 5 m\u00f6glichen<\/p>\n<p>\nQuelle: winterrodeln.org<\/p>\n","protected":false},"excerpt":{"rendered":"<p>Bezeichnung: G\u00f6tzner Alm Gehzeit: 90 min Seeh\u00f6he: 1088 &#8211; 1542 m Rodelbahn L\u00e4nge: 3 km Region: Innsbruck Ausgangspunkt: Ziel: Erreichbarkeit mit \u00d6ffentlichen Verkehrsmittel: mit dem Bus bis zum G\u00f6tzner Dorfplatz kurze Beschreibung: eher steil Auskunft zur Rodelbahn G\u00f6tzner Alm gibt es unter +43-664-4935734 G\u00f6tzner Alm Kommentar von Weli: &#8222;Bei Eis gef\u00e4hrlich!&#8220; Bewertung 4 von 5&#8230; <a class=\"more-link\" href=\"https:\/\/www.weli.at\/kinder\/rodelbahn-goetzner-alm-2\/\">Rodelbahn G\u00f6tzner Alm<\/a> <a class=\"more-link\" href=\"https:\/\/www.weli.at\/kinder\/rodelbahn-goetzner-alm-2\/\">Rodelbahn G\u00f6tzner Alm<\/a><\/p>\n","protected":false},"author":1,"featured_media":0,"comment_status":"closed","ping_status":"open","sticky":false,"template":"","format":"standard","meta":{"_et_pb_use_builder":"","_et_pb_old_content":"","_et_gb_content_width":""},"categories":[665],"tags":[],"_links":{"self":[{"href":"https:\/\/www.weli.at\/kinder\/wp-json\/wp\/v2\/posts\/18370"}],"collection":[{"href":"https:\/\/www.weli.at\/kinder\/wp-json\/wp\/v2\/posts"}],"about":[{"href":"https:\/\/www.weli.at\/kinder\/wp-json\/wp\/v2\/types\/post"}],"author":[{"embeddable":true,"href":"https:\/\/www.weli.at\/kinder\/wp-json\/wp\/v2\/users\/1"}],"replies":[{"embeddable":true,"href":"https:\/\/www.weli.at\/kinder\/wp-json\/wp\/v2\/comments?post=18370"}],"version-history":[{"count":0,"href":"https:\/\/www.weli.at\/kinder\/wp-json\/wp\/v2\/posts\/18370\/revisions"}],"wp:attachment":[{"href":"https:\/\/www.weli.at\/kinder\/wp-json\/wp\/v2\/media?parent=18370"}],"wp:term":[{"taxonomy":"category","embeddable":true,"href":"https:\/\/www.weli.at\/kinder\/wp-json\/wp\/v2\/categories?post=18370"},{"taxonomy":"post_tag","embeddable":true,"href":"https:\/\/www.weli.at\/kinder\/wp-json\/wp\/v2\/tags?post=18370"}],"curies":[{"name":"wp","href":"https:\/\/api.w.org\/{rel}","templated":true}]}}