{"id":18465,"date":"2017-03-30T18:07:51","date_gmt":"2017-03-30T18:07:51","guid":{"rendered":"http:\/\/www.weli.at\/kinder\/?p=18465"},"modified":"2017-06-19T10:04:29","modified_gmt":"2017-06-19T10:04:29","slug":"ferien-betreuung-jugendland-musik","status":"publish","type":"post","link":"https:\/\/www.weli.at\/kinder\/ferien-betreuung-jugendland-musik\/","title":{"rendered":"Ferien Betreuung Jugendland Musik"},"content":{"rendered":"<h2>Ferien Betreuung Jugendland Musik<\/h2>\n<p>Die Musicweek ist seit Jahren ein beliebtes Ferienangebot f\u00fcr Jugendliche ab 13 Jahren.<\/p>\n<p>Mit Top-Profis aus der Musikszene intensiv zusammenarbeiten, Songs schreiben, bestes Coaching in den Bereichen Gesang, Gitarre, Drums, Keyboard, Bass, und anderen Instrumenten, mit Gleichgesinnten jammen und am Ende der Woche live performen.<!--more--><\/p>\n<p><strong>Lernen von<\/strong><\/p>\n<p>\u266a Entwicklung und Erfahrungen am eigenen Instrument<br \/>\n\u266a Eigene Songs die zusammen geschrieben werden pr\u00e4sentieren<br \/>\n\u266a Covers eigen interpretieren und pr\u00e4sentieren<br \/>\n\u266a B\u00fchnenpr\u00e4senz\/wie pr\u00e4sentiere ich mich auf einer B\u00fchne<br \/>\n\u266a Umgang mit Nervosit\u00e4t<br \/>\n\u266a Steigerung des Selbstwertgef\u00fchls und des Selbstbewusstsein<br \/>\n\u266a Kreativit\u00e4t f\u00f6rdern und erm\u00f6glichen<br \/>\n\u266a B\u00fchnenerfahrung sammeln<br \/>\n\u266a Umgang mit anderen MusikerInnen<br \/>\n\u266a Lernen eigene Songideen zu arrangieren und zu notieren<\/p>\n<p>&nbsp;<\/p>\n<h2>Termin Musikwoche<\/h2>\n<p>Montag, 28. August bis Freitag, 1. September 2017 von 10.00 bis 17.00 Uhr<\/p>\n<p>&nbsp;<\/p>\n<p><strong>Mit<\/strong><br \/>\nSimon Kr\u00e4utler \u2013 Gesang<br \/>\nMark Maier \u2013 Bass<br \/>\nAlexander Goidinger \u2013 Piano, Keyboard<br \/>\nStefan Wolff \u2013 Gitarre<br \/>\nMartin Zech \u2013 Drums<br \/>\n<strong>Beitrag<\/strong><\/p>\n<p>112 Euro (inkl. Mittagessen)<\/p>\n<p>&nbsp;<br \/>\n<strong>Anmeldungen und Info<\/strong><\/p>\n<p>www.jugendland.at<\/p>\n<p>&nbsp;<\/p>\n<h2>Jugendland Funtasy<\/h2>\n<p>Bernhard H\u00f6fel Str. 7<br \/>\n6020 Innsbruck<br \/>\nAnsprechpartner: Mag. Florian Schieferer<br \/>\ncenter@jugendland.at<br \/>\nTelefon: 0699 1341 8010<br \/>\nhttp:\/\/www.jugendland.at\/angebote\/kuenstlerkinder\/lernwerkstatt\/<\/p>\n","protected":false},"excerpt":{"rendered":"<p>Ferien Betreuung Jugendland Musik Die Musicweek ist seit Jahren ein beliebtes Ferienangebot f\u00fcr Jugendliche ab 13 Jahren. Mit Top-Profis aus der Musikszene intensiv zusammenarbeiten, Songs schreiben, bestes Coaching in den Bereichen Gesang, Gitarre, Drums, Keyboard, Bass, und anderen Instrumenten, mit Gleichgesinnten jammen und am Ende der Woche live performen. <a class=\"more-link\" href=\"https:\/\/www.weli.at\/kinder\/ferien-betreuung-jugendland-musik\/\">Ferien Betreuung Jugendland Musik<\/a><\/p>\n","protected":false},"author":2,"featured_media":0,"comment_status":"closed","ping_status":"closed","sticky":false,"template":"","format":"standard","meta":{"_et_pb_use_builder":"","_et_pb_old_content":"","_et_gb_content_width":""},"categories":[2,24,43,221],"tags":[],"_links":{"self":[{"href":"https:\/\/www.weli.at\/kinder\/wp-json\/wp\/v2\/posts\/18465"}],"collection":[{"href":"https:\/\/www.weli.at\/kinder\/wp-json\/wp\/v2\/posts"}],"about":[{"href":"https:\/\/www.weli.at\/kinder\/wp-json\/wp\/v2\/types\/post"}],"author":[{"embeddable":true,"href":"https:\/\/www.weli.at\/kinder\/wp-json\/wp\/v2\/users\/2"}],"replies":[{"embeddable":true,"href":"https:\/\/www.weli.at\/kinder\/wp-json\/wp\/v2\/comments?post=18465"}],"version-history":[{"count":0,"href":"https:\/\/www.weli.at\/kinder\/wp-json\/wp\/v2\/posts\/18465\/revisions"}],"wp:attachment":[{"href":"https:\/\/www.weli.at\/kinder\/wp-json\/wp\/v2\/media?parent=18465"}],"wp:term":[{"taxonomy":"category","embeddable":true,"href":"https:\/\/www.weli.at\/kinder\/wp-json\/wp\/v2\/categories?post=18465"},{"taxonomy":"post_tag","embeddable":true,"href":"https:\/\/www.weli.at\/kinder\/wp-json\/wp\/v2\/tags?post=18465"}],"curies":[{"name":"wp","href":"https:\/\/api.w.org\/{rel}","templated":true}]}}