{"id":18467,"date":"2017-03-30T19:05:38","date_gmt":"2017-03-30T19:05:38","guid":{"rendered":"http:\/\/www.weli.at\/kinder\/?p=18467"},"modified":"2017-06-19T10:04:29","modified_gmt":"2017-06-19T10:04:29","slug":"ferien-betreuung-jugendland-musical","status":"publish","type":"post","link":"https:\/\/www.weli.at\/kinder\/ferien-betreuung-jugendland-musical\/","title":{"rendered":"Ferien Betreuung Jugendland Musical"},"content":{"rendered":"<h2>Ferien Betreuung Jugendland Musical<\/h2>\n<p>Der begehrte Ferienhit f\u00fcr Kinder ab 6 Jahren<\/p>\n<p>Eine Woche Kindermusical pur.<br \/>\nSchauspielen, tanzen, singen, Kost\u00fcme basteln, B\u00fchnenbild bauen, Spa\u00df haben und live vor Publikum auftreten und das alles mit absoluten Musicalprofis.<!--more--><\/p>\n<h2>Termin Musikwoche<\/h2>\n<p>Montag, 21. August bis Freitag, 25. August 2017, VS Pradl-Ost, Siegmairstr. 1, 6020 IBK<br \/>\nt\u00e4gl. von 9.00 bis 16.00 Uhr (Teilnahme an allen Tagen erforderlich)<\/p>\n<p><strong>Beitrag<\/strong><br \/>\n112 Euro (inkl. Mittagessen)<\/p>\n<p><strong>Anmeldungen und Info<\/strong><\/p>\n<p>www.jugendland.at<\/p>\n<h2>Jugendland Funtasy<\/h2>\n<p>Bernhard H\u00f6fel Str. 7<br \/>\n6020 Innsbruck<br \/>\nAnsprechpartner: Mag. Florian Schieferer<br \/>\ncenter@jugendland.at<br \/>\nTelefon: 0699 1341 8010<br \/>\nhttp:\/\/www.jugendland.at\/angebote\/kuenstlerkinder\/lernwerkstatt\/<\/p>\n","protected":false},"excerpt":{"rendered":"<p>Ferien Betreuung Jugendland Musical Der begehrte Ferienhit f\u00fcr Kinder ab 6 Jahren Eine Woche Kindermusical pur. Schauspielen, tanzen, singen, Kost\u00fcme basteln, B\u00fchnenbild bauen, Spa\u00df haben und live vor Publikum auftreten und das alles mit absoluten Musicalprofis. <a class=\"more-link\" href=\"https:\/\/www.weli.at\/kinder\/ferien-betreuung-jugendland-musical\/\">Ferien Betreuung Jugendland Musical<\/a><\/p>\n","protected":false},"author":2,"featured_media":0,"comment_status":"closed","ping_status":"closed","sticky":false,"template":"","format":"standard","meta":{"_et_pb_use_builder":"","_et_pb_old_content":"","_et_gb_content_width":""},"categories":[2,31,43,221],"tags":[],"_links":{"self":[{"href":"https:\/\/www.weli.at\/kinder\/wp-json\/wp\/v2\/posts\/18467"}],"collection":[{"href":"https:\/\/www.weli.at\/kinder\/wp-json\/wp\/v2\/posts"}],"about":[{"href":"https:\/\/www.weli.at\/kinder\/wp-json\/wp\/v2\/types\/post"}],"author":[{"embeddable":true,"href":"https:\/\/www.weli.at\/kinder\/wp-json\/wp\/v2\/users\/2"}],"replies":[{"embeddable":true,"href":"https:\/\/www.weli.at\/kinder\/wp-json\/wp\/v2\/comments?post=18467"}],"version-history":[{"count":0,"href":"https:\/\/www.weli.at\/kinder\/wp-json\/wp\/v2\/posts\/18467\/revisions"}],"wp:attachment":[{"href":"https:\/\/www.weli.at\/kinder\/wp-json\/wp\/v2\/media?parent=18467"}],"wp:term":[{"taxonomy":"category","embeddable":true,"href":"https:\/\/www.weli.at\/kinder\/wp-json\/wp\/v2\/categories?post=18467"},{"taxonomy":"post_tag","embeddable":true,"href":"https:\/\/www.weli.at\/kinder\/wp-json\/wp\/v2\/tags?post=18467"}],"curies":[{"name":"wp","href":"https:\/\/api.w.org\/{rel}","templated":true}]}}