{"id":18482,"date":"2017-04-13T20:33:27","date_gmt":"2017-04-13T20:33:27","guid":{"rendered":"http:\/\/www.weli.at\/kinder\/?p=18482"},"modified":"2017-06-19T10:04:28","modified_gmt":"2017-06-19T10:04:28","slug":"zeugis-schulschluss-lernen-motivation","status":"publish","type":"post","link":"https:\/\/www.weli.at\/kinder\/zeugis-schulschluss-lernen-motivation\/","title":{"rendered":"Zeugis Schulschluss lernen Motivation"},"content":{"rendered":"<h2>\u201eKrisenzeit Schulschluss und Zeugnis \u2013 wie motiviere ich Kinder und Jugendliche zum Lernen?\u201c<\/h2>\n<p> Ein \u00f6ffentlicher Vortrag mit Monika Naimer, Vera F. Birkenbihl Akademie Wien<\/p>\n<p>Mitte Mai scheint das Schuljahr schon fast gelaufen zu sein. Und dennoch: die letzten Schularbeiten und Tests nahen, Noten sollten noch verbessert, der Aufstieg muss gesichert  werden. Der Alltag f\u00fcr Sch\u00fcler, Lehrpersonen und Eltern wird stressig, belastet, es wird Druck gemacht, Freude am Lernen ist da nur mehr ein Wunschtraum. Viele kennen das.<!--more--><\/p>\n<p>Muss es wirklich so sein? Gibt es M\u00f6glichkeiten und Methoden, den Kindern und Jugendlichen Druck zu nehmen, sie zu motivieren und Lernen doch noch mit Freude zu verbinden?<\/p>\n<p>Monika Naimer, Gesch\u00e4ftsf\u00fchrerin der Vera F. Birkenbihl Akademie Wien, zeigt diesen Weg und gibt Eltern, Betreuungspersonen und Lehrkr\u00e4ften praxisbezogene Tipps f\u00fcr einen \u201egelingenden Endspurt\u201c. Gehirn-gerechtes Lernen und Arbeiten nach Vera F. Birkenbihl steht im Mittelpunkt ihrer Ausf\u00fchrungen.<\/p>\n<p>Ein Vortrag f\u00fcr Eltern, P\u00e4dagoginnen, Lehrerinnen und Menschen, die Verantwortung f\u00fcr Kinder und junge Menschen tragen.<\/p>\n<h2>Ansprechpartner<\/h2>\n<p>Manuel Schwenniger, B.Sc., event@jugendland.at, 0699 1341 8005<\/p>\n<h2>Termin<\/h2>\n<p>11. Mai 2017, 19:00<br \/>\nJugendland Funtasy, Bernhard H\u00f6fel Stra\u00dfe 7, Innsbruck-Ost<\/p>\n<h2>Preis<\/h2>\n<p>15 Euro, StudentInnen: 12 Euro<\/p>\n<h2>Jugendland Funtasy<\/h2>\n<p>Bernhard H\u00f6fel Str. 7<br \/>\n6020 Innsbruck<br \/>\nwww.jugendland.at<\/p>\n","protected":false},"excerpt":{"rendered":"<p>\u201eKrisenzeit Schulschluss und Zeugnis \u2013 wie motiviere ich Kinder und Jugendliche zum Lernen?\u201c Ein \u00f6ffentlicher Vortrag mit Monika Naimer, Vera F. Birkenbihl Akademie Wien Mitte Mai scheint das Schuljahr schon fast gelaufen zu sein. Und dennoch: die letzten Schularbeiten und Tests nahen, Noten sollten noch verbessert, der Aufstieg muss gesichert werden. Der Alltag f\u00fcr Sch\u00fcler,&#8230; <a class=\"more-link\" href=\"https:\/\/www.weli.at\/kinder\/zeugis-schulschluss-lernen-motivation\/\">Zeugis Schulschluss lernen Motivation<\/a> <a class=\"more-link\" href=\"https:\/\/www.weli.at\/kinder\/zeugis-schulschluss-lernen-motivation\/\">Zeugis Schulschluss lernen Motivation<\/a><\/p>\n","protected":false},"author":2,"featured_media":0,"comment_status":"closed","ping_status":"closed","sticky":false,"template":"","format":"standard","meta":{"_et_pb_use_builder":"","_et_pb_old_content":"","_et_gb_content_width":""},"categories":[10,21,276,81],"tags":[],"_links":{"self":[{"href":"https:\/\/www.weli.at\/kinder\/wp-json\/wp\/v2\/posts\/18482"}],"collection":[{"href":"https:\/\/www.weli.at\/kinder\/wp-json\/wp\/v2\/posts"}],"about":[{"href":"https:\/\/www.weli.at\/kinder\/wp-json\/wp\/v2\/types\/post"}],"author":[{"embeddable":true,"href":"https:\/\/www.weli.at\/kinder\/wp-json\/wp\/v2\/users\/2"}],"replies":[{"embeddable":true,"href":"https:\/\/www.weli.at\/kinder\/wp-json\/wp\/v2\/comments?post=18482"}],"version-history":[{"count":0,"href":"https:\/\/www.weli.at\/kinder\/wp-json\/wp\/v2\/posts\/18482\/revisions"}],"wp:attachment":[{"href":"https:\/\/www.weli.at\/kinder\/wp-json\/wp\/v2\/media?parent=18482"}],"wp:term":[{"taxonomy":"category","embeddable":true,"href":"https:\/\/www.weli.at\/kinder\/wp-json\/wp\/v2\/categories?post=18482"},{"taxonomy":"post_tag","embeddable":true,"href":"https:\/\/www.weli.at\/kinder\/wp-json\/wp\/v2\/tags?post=18482"}],"curies":[{"name":"wp","href":"https:\/\/api.w.org\/{rel}","templated":true}]}}