{"id":18484,"date":"2017-04-13T20:46:13","date_gmt":"2017-04-13T20:46:13","guid":{"rendered":"http:\/\/www.weli.at\/kinder\/?p=18484"},"modified":"2017-06-19T10:04:28","modified_gmt":"2017-06-19T10:04:28","slug":"ohne-angst-ins-neue-schuljahr","status":"publish","type":"post","link":"https:\/\/www.weli.at\/kinder\/ohne-angst-ins-neue-schuljahr\/","title":{"rendered":"Ohne Angst ins neue Schuljahr"},"content":{"rendered":"<p>\u201eOhne Angst ins neue Schuljahr \u2013 wie k\u00f6nnen Kinder und Jugendliche motiviert starten?\u201c<br \/>\nEin \u00f6ffentlicher Vortrag von Monika Naimer, Vera F. Birkenbihl Akademie, Wien.<\/p>\n<p>&#8222;Die Motivation der Kinder zum Lernen ist am Gr\u00f6\u00dften am ersten Schultag. Von da an wird sie geringer.\u201c Dieser Vorwurf ist oft zu h\u00f6ren. Das muss nicht so sein. Motivation zu Lernen, Motivation zum Schulbesuch, ein Dauerthema f\u00fcr Eltern, Erziehungsberechtigte, Lehrerinnen und Lehrer.<!--more--><\/p>\n<p>Kinder sind von Natur aus lernwillig und lernfreudig. Entdeckergeist, Fantasie, Freude an Entwicklung, all das haben Kinder. Warum geht das nicht selten verloren?<\/p>\n<p>Vera F. Birkenbihl, Hirnforscherin und Erwachsenenbilderin, zeigte auf, was schief l\u00e4uft und pr\u00e4sentierte zahlreiche Ansichten und Methoden, die Kindern die Freude am Lernen erhalten.<\/p>\n<p>Monika Naimer, Gesch\u00e4ftsf\u00fchrerin der Vera F. Birkenbihl Akademie Wien hat selbst bei Vera F. Birkenbihl gelernt und widmet sich dem Thema anschaulich und praxisnah.<\/p>\n<p>Ein Vortrag f\u00fcr Eltern, P\u00e4dagoginnen, Lehrerinnen und Menschen, die Verantwortung f\u00fcr Kinder und junge Menschen tragen.<\/p>\n<p>Ansprechpartner: Manuel Schwenniger, B.Sc., event@jugendland.at, 0699 1341 8005<\/p>\n<p>Termin<br \/>\n21. September 2017, 19.00<\/p>\n<p>Ort<br \/>\nJugendland Funtasy, Bernhard-H\u00f6fel-Stra\u00dfe 7, Innsbruck<\/p>\n<p>Preis<br \/>\n15 Euro, StudentInnen: 12 Euro<\/p>\n<p>Reservierung<br \/>\nJugendland GmbH<br \/>\nSch\u00f6nblickweg 12<br \/>\n6020 Innsbruck<br \/>\nTelefon: +43 (0) 512 26 34 11<br \/>\noffice@jugendland.at<\/p>\n","protected":false},"excerpt":{"rendered":"<p>\u201eOhne Angst ins neue Schuljahr \u2013 wie k\u00f6nnen Kinder und Jugendliche motiviert starten?\u201c Ein \u00f6ffentlicher Vortrag von Monika Naimer, Vera F. Birkenbihl Akademie, Wien. &#8222;Die Motivation der Kinder zum Lernen ist am Gr\u00f6\u00dften am ersten Schultag. Von da an wird sie geringer.\u201c Dieser Vorwurf ist oft zu h\u00f6ren. Das muss nicht so sein. Motivation zu&#8230; <a class=\"more-link\" href=\"https:\/\/www.weli.at\/kinder\/ohne-angst-ins-neue-schuljahr\/\">Ohne Angst ins neue<\/a> <a class=\"more-link\" href=\"https:\/\/www.weli.at\/kinder\/ohne-angst-ins-neue-schuljahr\/\">Ohne Angst ins neue<\/a><\/p>\n","protected":false},"author":2,"featured_media":0,"comment_status":"closed","ping_status":"closed","sticky":false,"template":"","format":"standard","meta":{"_et_pb_use_builder":"","_et_pb_old_content":"","_et_gb_content_width":""},"categories":[10,21,81],"tags":[],"_links":{"self":[{"href":"https:\/\/www.weli.at\/kinder\/wp-json\/wp\/v2\/posts\/18484"}],"collection":[{"href":"https:\/\/www.weli.at\/kinder\/wp-json\/wp\/v2\/posts"}],"about":[{"href":"https:\/\/www.weli.at\/kinder\/wp-json\/wp\/v2\/types\/post"}],"author":[{"embeddable":true,"href":"https:\/\/www.weli.at\/kinder\/wp-json\/wp\/v2\/users\/2"}],"replies":[{"embeddable":true,"href":"https:\/\/www.weli.at\/kinder\/wp-json\/wp\/v2\/comments?post=18484"}],"version-history":[{"count":0,"href":"https:\/\/www.weli.at\/kinder\/wp-json\/wp\/v2\/posts\/18484\/revisions"}],"wp:attachment":[{"href":"https:\/\/www.weli.at\/kinder\/wp-json\/wp\/v2\/media?parent=18484"}],"wp:term":[{"taxonomy":"category","embeddable":true,"href":"https:\/\/www.weli.at\/kinder\/wp-json\/wp\/v2\/categories?post=18484"},{"taxonomy":"post_tag","embeddable":true,"href":"https:\/\/www.weli.at\/kinder\/wp-json\/wp\/v2\/tags?post=18484"}],"curies":[{"name":"wp","href":"https:\/\/api.w.org\/{rel}","templated":true}]}}