{"id":18506,"date":"2017-04-26T08:58:15","date_gmt":"2017-04-26T08:58:15","guid":{"rendered":"http:\/\/www.weli.at\/kinder\/?p=18506"},"modified":"2017-06-19T10:04:28","modified_gmt":"2017-06-19T10:04:28","slug":"musterkuechen-abverkauf-kueche","status":"publish","type":"post","link":"https:\/\/www.weli.at\/kinder\/musterkuechen-abverkauf-kueche\/","title":{"rendered":"Musterk\u00fcchen Abverkauf K\u00fcche"},"content":{"rendered":"<h2>Musterk\u00fcchen Abverkauf K\u00fcche<\/h2>\n<p>Musterk\u00fcchen Abverkauf bis &#8211; 70 %! Abholpreis.<!--more--><\/p>\n<p>SPAN K\u00dcCHENATELIER<br \/>\nSch\u00fctzenstra\u00dfe 46 a\/b<br \/>\n6020 Innsbruck<br \/>\nTelefon +43 (0) 512 203063<br \/>\nF. +43 (0) 512 2030634<br \/>\noffice@kuechenatelier.at<br \/>\nwww.kuechenatelier.at<\/p>\n","protected":false},"excerpt":{"rendered":"<p>Musterk\u00fcchen Abverkauf K\u00fcche Musterk\u00fcchen Abverkauf bis &#8211; 70 %! Abholpreis. <a class=\"more-link\" href=\"https:\/\/www.weli.at\/kinder\/musterkuechen-abverkauf-kueche\/\">Musterk\u00fcchen Abverkauf K\u00fcche<\/a><\/p>\n","protected":false},"author":2,"featured_media":0,"comment_status":"closed","ping_status":"closed","sticky":false,"template":"","format":"standard","meta":{"_et_pb_use_builder":"","_et_pb_old_content":"","_et_gb_content_width":""},"categories":[16],"tags":[],"_links":{"self":[{"href":"https:\/\/www.weli.at\/kinder\/wp-json\/wp\/v2\/posts\/18506"}],"collection":[{"href":"https:\/\/www.weli.at\/kinder\/wp-json\/wp\/v2\/posts"}],"about":[{"href":"https:\/\/www.weli.at\/kinder\/wp-json\/wp\/v2\/types\/post"}],"author":[{"embeddable":true,"href":"https:\/\/www.weli.at\/kinder\/wp-json\/wp\/v2\/users\/2"}],"replies":[{"embeddable":true,"href":"https:\/\/www.weli.at\/kinder\/wp-json\/wp\/v2\/comments?post=18506"}],"version-history":[{"count":0,"href":"https:\/\/www.weli.at\/kinder\/wp-json\/wp\/v2\/posts\/18506\/revisions"}],"wp:attachment":[{"href":"https:\/\/www.weli.at\/kinder\/wp-json\/wp\/v2\/media?parent=18506"}],"wp:term":[{"taxonomy":"category","embeddable":true,"href":"https:\/\/www.weli.at\/kinder\/wp-json\/wp\/v2\/categories?post=18506"},{"taxonomy":"post_tag","embeddable":true,"href":"https:\/\/www.weli.at\/kinder\/wp-json\/wp\/v2\/tags?post=18506"}],"curies":[{"name":"wp","href":"https:\/\/api.w.org\/{rel}","templated":true}]}}