{"id":18635,"date":"2017-06-29T21:41:32","date_gmt":"2017-06-29T21:41:32","guid":{"rendered":"http:\/\/www.weli.at\/kinder\/?p=18635"},"modified":"2017-07-27T12:43:54","modified_gmt":"2017-07-27T12:43:54","slug":"spielplatz-arzler-alm-neu","status":"publish","type":"post","link":"https:\/\/www.weli.at\/kinder\/spielplatz-arzler-alm-neu\/","title":{"rendered":"Spielplatz Arzler Alm Neu!"},"content":{"rendered":"<p>Auf der Arzler Alm gibt es sein dem Fr\u00fchjahr 2017 einen neuen Holz Spielplatz!<\/p>\n<p><a href=\"https:\/\/www.weli.at\/kinder\/wp-content\/uploads\/2017\/05\/20170506_093957-e1498771117477.jpg\"><img loading=\"lazy\" src=\"https:\/\/www.weli.at\/kinder\/wp-content\/uploads\/2017\/05\/20170506_093957-300x200.jpg\" alt=\"\" width=\"300\" height=\"200\" class=\"alignnone size-medium wp-image-18519\" \/><\/a><\/p>\n<p>Der Spielplatz wurde von der Stadt Innsbruck erneuert und vergr\u00f6\u00dfert.<\/p>\n","protected":false},"excerpt":{"rendered":"<p>Auf der Arzler Alm gibt es sein dem Fr\u00fchjahr 2017 einen neuen Holz Spielplatz! Der Spielplatz wurde von der Stadt Innsbruck erneuert und vergr\u00f6\u00dfert. <a class=\"more-link\" href=\"https:\/\/www.weli.at\/kinder\/spielplatz-arzler-alm-neu\/\">Spielplatz Arzler Alm Neu<\/a><\/p>\n","protected":false},"author":2,"featured_media":18520,"comment_status":"closed","ping_status":"closed","sticky":false,"template":"","format":"standard","meta":{"_et_pb_use_builder":"","_et_pb_old_content":"","_et_gb_content_width":""},"categories":[5,11,31,34,65],"tags":[],"_links":{"self":[{"href":"https:\/\/www.weli.at\/kinder\/wp-json\/wp\/v2\/posts\/18635"}],"collection":[{"href":"https:\/\/www.weli.at\/kinder\/wp-json\/wp\/v2\/posts"}],"about":[{"href":"https:\/\/www.weli.at\/kinder\/wp-json\/wp\/v2\/types\/post"}],"author":[{"embeddable":true,"href":"https:\/\/www.weli.at\/kinder\/wp-json\/wp\/v2\/users\/2"}],"replies":[{"embeddable":true,"href":"https:\/\/www.weli.at\/kinder\/wp-json\/wp\/v2\/comments?post=18635"}],"version-history":[{"count":0,"href":"https:\/\/www.weli.at\/kinder\/wp-json\/wp\/v2\/posts\/18635\/revisions"}],"wp:featuredmedia":[{"embeddable":true,"href":"https:\/\/www.weli.at\/kinder\/wp-json\/wp\/v2\/media\/18520"}],"wp:attachment":[{"href":"https:\/\/www.weli.at\/kinder\/wp-json\/wp\/v2\/media?parent=18635"}],"wp:term":[{"taxonomy":"category","embeddable":true,"href":"https:\/\/www.weli.at\/kinder\/wp-json\/wp\/v2\/categories?post=18635"},{"taxonomy":"post_tag","embeddable":true,"href":"https:\/\/www.weli.at\/kinder\/wp-json\/wp\/v2\/tags?post=18635"}],"curies":[{"name":"wp","href":"https:\/\/api.w.org\/{rel}","templated":true}]}}