{"id":18678,"date":"2017-09-04T20:49:16","date_gmt":"2017-09-04T20:49:16","guid":{"rendered":"http:\/\/www.weli.at\/kinder\/?p=18678"},"modified":"2017-10-05T20:32:00","modified_gmt":"2017-10-05T20:32:00","slug":"oktoberfest-wien-kinder-wiesn","status":"publish","type":"post","link":"https:\/\/www.weli.at\/kinder\/oktoberfest-wien-kinder-wiesn\/","title":{"rendered":"Oktoberfest Wien Kinder Wiesn"},"content":{"rendered":"<h1>Oktoberfest in Wien!<br \/>\nMit Kindern auf die Wiesn<\/h1>\n<p><!--more--><\/p>\n<p>Gepflegtes Brauchtum, zeitlose Tradition und eine angeborene Geselligkeit. Gelebt von fr\u00f6hlichen Menschen mit einer kunterbunten Dialektvielfalt. Das ist \u00d6sterreich. Und das ist das \u201eWiener Wiesn-Fest\u201c. Vom 21. September bis 8. Oktober 2017.<\/p>\n<p>Auf \u00d6sterreichs gr\u00f6\u00dftem Brauchtums- und Wiesn-Fest gibt es Brauchtum, Handwerk und herzhafte Schmankerl.<br \/>\nBodenst\u00e4ndige Volksmusik genauso wie eine einzigartige Partystimmung abends bei den Live-Konzerten. F\u00fcr Lederhose und Dirndl. F\u00fcr Jung und Alt. In liebevoll dekorierten Zelten, gem\u00fctlichen Schanig\u00e4rten, urigen Almen und im stimmungsvollen Wiesndorf. Ohne Kitsch, daf\u00fcr sehr ehrlich.<\/p>\n<h1>ADEG Wiesn-Fest Dorf<\/h1>\n<p>Eine wahre Flaniermeile auf der an unterschiedlichen St\u00e4nden eine Vielfalt an heimischer Handwerkskunst und regionalen Schmankerln angeboten wird. Ebenso laden \u201eSpiele-Standln\u201c zum Mitmachen und Spa\u00dfhaben ein.<\/p>\n<h1>Kinder Wiesn<\/h1>\n<p>Die Kinder Wiesn bietet den kleinen G\u00e4sten am Wiener Wiesn-Fest von Freitag bis Sonntag 12.00 bis 17.30 Uhr ein buntes Kinderprogramm mit jeder Menge toller Spiele. Von einer Riesenspielecke \u00fcber eine R\u00e4tsel Ralley bis hin zu Kinderschminken findet man alles, was das Kinderherz begehrt.<\/p>\n<h1>KONTAKT Wiener Wiesn<\/h1>\n<p>1040 Wien, Schwindgasse 7\/7<br \/>\nTelefon: + 43 (1) 503 08 77<br \/>\noffice@wienerwiesnfest.at<br \/>\n<strong>Ticketanfragen:<\/strong><br \/>\n+43 (1) 503 08 77\u201312<br \/>\nticket@wienerwiesnfest.at<\/p>\n<blockquote class=\"wp-embedded-content\" data-secret=\"hxYaayeacI\"><p><a href=\"https:\/\/www.wienerwiesnfest.at\/\" target=\"_blank\" rel=\"noopener\">Das Wiener WIESN Fest &#8211; Musik. Tracht. Lebensgef\u00fchl.<\/a><\/p><\/blockquote>\n<p><iframe class=\"wp-embedded-content\" sandbox=\"allow-scripts\" security=\"restricted\" style=\"position: absolute; clip: rect(1px, 1px, 1px, 1px);\" title=\"&#8222;Das Wiener WIESN Fest &#8211; Musik. Tracht. Lebensgef\u00fchl.&#8220; &#8212; Wiener WIESN-Fest\" src=\"https:\/\/www.wienerwiesnfest.at\/embed\/#?secret=3xznVhPVmg#?secret=hxYaayeacI\" data-secret=\"hxYaayeacI\" width=\"600\" height=\"338\" frameborder=\"0\" marginwidth=\"0\" marginheight=\"0\" scrolling=\"no\"><\/iframe><\/p>\n","protected":false},"excerpt":{"rendered":"<p>Oktoberfest in Wien! Mit Kindern auf die Wiesn <a class=\"more-link\" href=\"https:\/\/www.weli.at\/kinder\/oktoberfest-wien-kinder-wiesn\/\">Oktoberfest Wien Kinder Wiesn<\/a><\/p>\n","protected":false},"author":2,"featured_media":0,"comment_status":"closed","ping_status":"closed","sticky":false,"template":"","format":"standard","meta":{"_et_pb_use_builder":"","_et_pb_old_content":"","_et_gb_content_width":""},"categories":[2,22,31,276],"tags":[673],"_links":{"self":[{"href":"https:\/\/www.weli.at\/kinder\/wp-json\/wp\/v2\/posts\/18678"}],"collection":[{"href":"https:\/\/www.weli.at\/kinder\/wp-json\/wp\/v2\/posts"}],"about":[{"href":"https:\/\/www.weli.at\/kinder\/wp-json\/wp\/v2\/types\/post"}],"author":[{"embeddable":true,"href":"https:\/\/www.weli.at\/kinder\/wp-json\/wp\/v2\/users\/2"}],"replies":[{"embeddable":true,"href":"https:\/\/www.weli.at\/kinder\/wp-json\/wp\/v2\/comments?post=18678"}],"version-history":[{"count":0,"href":"https:\/\/www.weli.at\/kinder\/wp-json\/wp\/v2\/posts\/18678\/revisions"}],"wp:attachment":[{"href":"https:\/\/www.weli.at\/kinder\/wp-json\/wp\/v2\/media?parent=18678"}],"wp:term":[{"taxonomy":"category","embeddable":true,"href":"https:\/\/www.weli.at\/kinder\/wp-json\/wp\/v2\/categories?post=18678"},{"taxonomy":"post_tag","embeddable":true,"href":"https:\/\/www.weli.at\/kinder\/wp-json\/wp\/v2\/tags?post=18678"}],"curies":[{"name":"wp","href":"https:\/\/api.w.org\/{rel}","templated":true}]}}