{"id":18755,"date":"2017-11-06T19:00:04","date_gmt":"2017-11-06T19:00:04","guid":{"rendered":"http:\/\/www.weli.at\/kinder\/?p=18755"},"modified":"2017-12-29T19:07:23","modified_gmt":"2017-12-29T19:07:23","slug":"innsbrucker-bergweihnacht-christkindlmarkt","status":"publish","type":"post","link":"https:\/\/www.weli.at\/kinder\/innsbrucker-bergweihnacht-christkindlmarkt\/","title":{"rendered":"Innsbrucker Bergweihnacht Christkindlmarkt"},"content":{"rendered":"<p>Sechs Christkindlm\u00e4rkte, \u00fcber 200 St\u00e4nde, und ein 14 Meter hoher Kristallbaum \u2013 wer den Advent in Tirol erleben m\u00f6chte, hat bei der Innsbrucker Bergweihnacht die ganz gro\u00dfe Auswahl, vom Goldenen Dachl bis hinauf zur Hungerburg 300 Meter \u00fcber der Stadt.<br \/>\n<!--more--><\/p>\n<p>In Innsbruck reichen sich Tiroler Tradition und Modernit\u00e4t die Hand. Das sp\u00fcrt man auch auf den sechs zauberhaften Weihnachtsm\u00e4rkten in der Adventszeit, die allesamt ihren eigenen Charakter haben. Ganz nostalgisch geht es auf dem \u00e4ltesten und gr\u00f6\u00dften Christkindlmarkt der Stadt zu, unter dem m\u00e4chtigen Weihnachtsbaum vor dem Goldenen Dachl. An den mehr als 70 St\u00e4nden werden Kunsthandwerk und Christbaumschmuck angeboten, in der M\u00e4rchen- und Riesengasse entf\u00fchren Sagenfiguren die Besucher in eine anderen Welt, und auf der Aussichtsplattform schwebt man gleichsam \u00fcber der Altstadt und den H\u00fctten.<\/p>\n<p>Noch viel h\u00f6her hinaus geht es zum Christkindlmarkt auf der Hungerburg, dem h\u00f6chsten Innsbrucks. Er ist klein aber fein und punktet mit seinem traumhaften Panoramablick \u00fcber die Stadt. Der Christkindlmarkt am Marktplatz empfiehlt sich besonders f\u00fcr Familien, die das gro\u00dfe Kinderangebot sch\u00e4tzen werden, vom Kasperltheater \u00fcber die M\u00e4rchenstunden bis zum Streichelzoo. Hier steht auch der weltweit einzigartige, 14 Meter hohe Weihnachtsbaum aus Swarovski-Kristallen. Sehr modern, vor allem mit Blick auf seine Lichtgestaltung, gibt sich der Markt in der Maria-Theresien-Stra\u00dfe, wo die H\u00e4ndler Weihnachtsprodukte aus aller Welt in ihren Auslagen haben. Wer es ruhig und stimmungsvoll mag, dem seien die kleinen M\u00e4rkte am Wiltener Platzl und in St. Nikolaus mit ihren liebevoll gestalteten St\u00e4nden ans Herz gelegt.<br \/>\nProgramm-H\u00f6hepunkte:<\/p>\n<p>    M\u00e4rchenauff\u00fchrungen am Theaterwagen (Altstadt): 15.11. bis 23.12., t\u00e4gl. 16.30 und 17.30 Uhr<br \/>\n    Turmbl\u00e4ser vom Goldenen Dachl (Altstadt): 15.11. bis 23.12., t\u00e4gl. 17.30 Uhr<br \/>\n    Auftritte der Musikschule Innsbruck (Altstadt): 15.11. bis 23.12., t\u00e4gl. 18 Uhr<br \/>\n    Kunsthandwerker stellen sich und ihre Arbeit vor (Hungerburg): 25.11. bis 23.12., Mo bis Do<br \/>\n    Innsbrucker Christkindleinzug (Maria-Theresien-Str.): 17.12., fr\u00fcher Abend<\/p>\n<p>www.tirol.at<\/p>\n","protected":false},"excerpt":{"rendered":"<p>Sechs Christkindlm\u00e4rkte, \u00fcber 200 St\u00e4nde, und ein 14 Meter hoher Kristallbaum \u2013 wer den Advent in Tirol erleben m\u00f6chte, hat bei der Innsbrucker Bergweihnacht die ganz gro\u00dfe Auswahl, vom Goldenen Dachl bis hinauf zur Hungerburg 300 Meter \u00fcber der Stadt. <a class=\"more-link\" href=\"https:\/\/www.weli.at\/kinder\/innsbrucker-bergweihnacht-christkindlmarkt\/\">Innsbrucker Bergweihnacht Christkindlmarkt<\/a><\/p>\n","protected":false},"author":2,"featured_media":0,"comment_status":"closed","ping_status":"closed","sticky":false,"template":"","format":"standard","meta":{"_et_pb_use_builder":"","_et_pb_old_content":"","_et_gb_content_width":""},"categories":[3],"tags":[],"_links":{"self":[{"href":"https:\/\/www.weli.at\/kinder\/wp-json\/wp\/v2\/posts\/18755"}],"collection":[{"href":"https:\/\/www.weli.at\/kinder\/wp-json\/wp\/v2\/posts"}],"about":[{"href":"https:\/\/www.weli.at\/kinder\/wp-json\/wp\/v2\/types\/post"}],"author":[{"embeddable":true,"href":"https:\/\/www.weli.at\/kinder\/wp-json\/wp\/v2\/users\/2"}],"replies":[{"embeddable":true,"href":"https:\/\/www.weli.at\/kinder\/wp-json\/wp\/v2\/comments?post=18755"}],"version-history":[{"count":0,"href":"https:\/\/www.weli.at\/kinder\/wp-json\/wp\/v2\/posts\/18755\/revisions"}],"wp:attachment":[{"href":"https:\/\/www.weli.at\/kinder\/wp-json\/wp\/v2\/media?parent=18755"}],"wp:term":[{"taxonomy":"category","embeddable":true,"href":"https:\/\/www.weli.at\/kinder\/wp-json\/wp\/v2\/categories?post=18755"},{"taxonomy":"post_tag","embeddable":true,"href":"https:\/\/www.weli.at\/kinder\/wp-json\/wp\/v2\/tags?post=18755"}],"curies":[{"name":"wp","href":"https:\/\/api.w.org\/{rel}","templated":true}]}}