{"id":220,"date":"2010-01-19T22:40:12","date_gmt":"2010-01-19T21:40:12","guid":{"rendered":"http:\/\/www.weli.at\/kinder\/?p=220"},"modified":"2016-01-10T20:23:10","modified_gmt":"2016-01-10T20:23:10","slug":"ausflug-mit-kindern-innsbruck-und-umgebung-alpenzoo","status":"publish","type":"post","link":"https:\/\/www.weli.at\/kinder\/ausflug-mit-kindern-innsbruck-und-umgebung-alpenzoo\/","title":{"rendered":"Ausflug Innsbruck Alpenzoo"},"content":{"rendered":"<p>Innsbrucks Alpenzoo ist immer einen Ausflug wert!<\/p>\n<p>Das ganze Jahr \u00fcber ge\u00f6ffnet &#8211; 365 Tage. Im Winter von 9 bis 17 Uhr, im Sommer von 9 bis 18 Uhr.<\/p>\n<p>Schon am Spielplatz kann man eine feine Zeit verbringen. Im Winter ist er allerdings gesperrt.<\/p>\n<p>F\u00fcr Kinder bis 3 Jahre ist der Eintritt frei.<\/p>\n<p>Es gibt keine Familienkarte!<\/p>\n<p>Wer \u00f6fters im Jahr den Alpenzoo besuchen will, sollte sich die Anschaffung einer Jahreskarte \u00fcberlegen &#8211; die gibt es auch f\u00fcr Familien &#8211; www.freunde-des-alpenzoo.at. Achtung &#8211; dies Jahreskarten gelten immer ab J\u00e4nner &#8211; nicht vom Kaufdatum weg ein Jahr!<\/p>\n<p>Im Alpenzoo kann auch Kindergeburtstag gefeiert werden!<\/p>\n","protected":false},"excerpt":{"rendered":"<p>Innsbrucks Alpenzoo ist immer einen Ausflug wert! Das ganze Jahr \u00fcber ge\u00f6ffnet &#8211; 365 Tage. Im Winter von 9 bis 17 Uhr, im Sommer von 9 bis 18 Uhr. Schon am Spielplatz kann man eine feine Zeit verbringen. Im Winter ist er allerdings gesperrt. F\u00fcr Kinder bis 3 Jahre ist der Eintritt frei. Es gibt&#8230; <a class=\"more-link\" href=\"https:\/\/www.weli.at\/kinder\/ausflug-mit-kindern-innsbruck-und-umgebung-alpenzoo\/\">Ausflug Innsbruck Alpenzoo<\/a> <a class=\"more-link\" href=\"https:\/\/www.weli.at\/kinder\/ausflug-mit-kindern-innsbruck-und-umgebung-alpenzoo\/\">Ausflug Innsbruck Alpenzoo<\/a><\/p>\n","protected":false},"author":2,"featured_media":0,"comment_status":"closed","ping_status":"open","sticky":false,"template":"","format":"standard","meta":{"_et_pb_use_builder":"","_et_pb_old_content":"","_et_gb_content_width":""},"categories":[5],"tags":[119],"_links":{"self":[{"href":"https:\/\/www.weli.at\/kinder\/wp-json\/wp\/v2\/posts\/220"}],"collection":[{"href":"https:\/\/www.weli.at\/kinder\/wp-json\/wp\/v2\/posts"}],"about":[{"href":"https:\/\/www.weli.at\/kinder\/wp-json\/wp\/v2\/types\/post"}],"author":[{"embeddable":true,"href":"https:\/\/www.weli.at\/kinder\/wp-json\/wp\/v2\/users\/2"}],"replies":[{"embeddable":true,"href":"https:\/\/www.weli.at\/kinder\/wp-json\/wp\/v2\/comments?post=220"}],"version-history":[{"count":0,"href":"https:\/\/www.weli.at\/kinder\/wp-json\/wp\/v2\/posts\/220\/revisions"}],"wp:attachment":[{"href":"https:\/\/www.weli.at\/kinder\/wp-json\/wp\/v2\/media?parent=220"}],"wp:term":[{"taxonomy":"category","embeddable":true,"href":"https:\/\/www.weli.at\/kinder\/wp-json\/wp\/v2\/categories?post=220"},{"taxonomy":"post_tag","embeddable":true,"href":"https:\/\/www.weli.at\/kinder\/wp-json\/wp\/v2\/tags?post=220"}],"curies":[{"name":"wp","href":"https:\/\/api.w.org\/{rel}","templated":true}]}}