{"id":2394,"date":"2011-10-26T22:26:56","date_gmt":"2011-10-26T20:26:56","guid":{"rendered":"http:\/\/www.weli.at\/kinder\/?p=2394"},"modified":"2015-10-12T11:19:10","modified_gmt":"2015-10-12T11:19:10","slug":"familienfreundliches-innsbruck-kinderbetreuung","status":"publish","type":"post","link":"https:\/\/www.weli.at\/kinder\/familienfreundliches-innsbruck-kinderbetreuung\/","title":{"rendered":"Familienfreundliches Innsbruck &#8211; Kinderbetreuung"},"content":{"rendered":"<p>Innsbruck r\u00fchmt sich familienfreundlich! Das erkennt man angeblich besonders daran,<!--more--><br \/>\ndass die Kinderbetreuung ausgebaut wurde!<\/p>\n<h2>Kindergarten Innsbruck<\/h2>\n<p>In Innsbruck gibt es 27 Kinderg\u00e4rten von denen 20 ganzt\u00e4gig ge\u00f6ffnet haben.<\/p>\n<h2>Tagesheim Platz Innsbruck<\/h2>\n<p>In Innsbruck gibt es 21 Volksschulen von denen 16 Tageheimpl\u00e4tze f\u00fcr insgesamt 969 Kinder anbieten.<\/p>\n<h2>Mittagstisch Innsbruck<\/h2>\n<p>In Innsbruck bieten 80 % der Volksschulen einen Mittagstisch an &#8211; hier wurden 2010\/11 113.560 Essen ausgegeben.<\/p>\n<p>Ob es so gut f\u00fcr FAMILIEN ist, wenn die Kinderbetreuung immer mehr ausgebaut wird,<br \/>\ndie Kinder den ganzen Tag im Kindergarten sind,<br \/>\nvon 8.00 morgens bis 17.00 abends ihren Tag in der Schule verbringen<br \/>\nund\/oder anstatt zu Hause am Familientisch von ihrem Schultag zu erz\u00e4hlen ihr Mittagsessen in der Schule einnehmen,<br \/>\ndas sei dahingestellt &#8230;.<\/p>\n<p>W\u00e4ren die ARBEITSZEITEN familienfreundlich, k\u00f6nnten Familien auch mehr Zeit miteinander verbringen!<\/p>\n<p>KINDERFREUNDLICH sind diese Bestrebungen sicher nicht.<\/p>\n","protected":false},"excerpt":{"rendered":"<p>Innsbruck r\u00fchmt sich familienfreundlich! Das erkennt man angeblich besonders daran, <a class=\"more-link\" href=\"https:\/\/www.weli.at\/kinder\/familienfreundliches-innsbruck-kinderbetreuung\/\">Familienfreundliches Innsbruck 8211 Kinderbetreuung<\/a><\/p>\n","protected":false},"author":2,"featured_media":0,"comment_status":"closed","ping_status":"open","sticky":false,"template":"","format":"standard","meta":{"_et_pb_use_builder":"","_et_pb_old_content":"","_et_gb_content_width":""},"categories":[43],"tags":[119],"_links":{"self":[{"href":"https:\/\/www.weli.at\/kinder\/wp-json\/wp\/v2\/posts\/2394"}],"collection":[{"href":"https:\/\/www.weli.at\/kinder\/wp-json\/wp\/v2\/posts"}],"about":[{"href":"https:\/\/www.weli.at\/kinder\/wp-json\/wp\/v2\/types\/post"}],"author":[{"embeddable":true,"href":"https:\/\/www.weli.at\/kinder\/wp-json\/wp\/v2\/users\/2"}],"replies":[{"embeddable":true,"href":"https:\/\/www.weli.at\/kinder\/wp-json\/wp\/v2\/comments?post=2394"}],"version-history":[{"count":0,"href":"https:\/\/www.weli.at\/kinder\/wp-json\/wp\/v2\/posts\/2394\/revisions"}],"wp:attachment":[{"href":"https:\/\/www.weli.at\/kinder\/wp-json\/wp\/v2\/media?parent=2394"}],"wp:term":[{"taxonomy":"category","embeddable":true,"href":"https:\/\/www.weli.at\/kinder\/wp-json\/wp\/v2\/categories?post=2394"},{"taxonomy":"post_tag","embeddable":true,"href":"https:\/\/www.weli.at\/kinder\/wp-json\/wp\/v2\/tags?post=2394"}],"curies":[{"name":"wp","href":"https:\/\/api.w.org\/{rel}","templated":true}]}}