{"id":2605,"date":"2011-12-28T22:47:41","date_gmt":"2011-12-28T21:47:41","guid":{"rendered":"http:\/\/www.weli.at\/kinder\/?p=2605"},"modified":"2015-10-12T11:20:25","modified_gmt":"2015-10-12T11:20:25","slug":"messe-bildung-berufslaufbahn-2012","status":"publish","type":"post","link":"https:\/\/www.weli.at\/kinder\/messe-bildung-berufslaufbahn-2012\/","title":{"rendered":"Messe Bildung Berufslaufbahn 2012"},"content":{"rendered":"<p>Die Messe BeSt\u00b3 in Innsbruck ist die Messe f\u00fcr Beruf, Studium und Weiterbildung.<br \/>\n\u00dcber  100 Aussteller aus dem In- und Ausland informieren auf der BeSt\u00b3 Messe  Innsbruck \u00fcber Chancen und Entwicklungen, aktuelle Trends am Arbeits-  und Bildungsmarkt aber auch \u00fcber wichtige und weitreichende  Zukunftsfragen wie beispielsweise Matura.<!--more--><br \/>\nF\u00fcr zus\u00e4tzliche  Informationen gibt es auf der BeSt\u00b3 Innsbruck verschiedene Vortr\u00e4ge und  Diskussionsrunden mit Spezialisten. Ein Rahmenprogramm sorgt f\u00fcr Spa\u00df  und abwechslungsreiche Unterhaltung.<\/p>\n<h2>Termin:<\/h2>\n<p>17.10.2012 &#8211; 19.10.2012<\/p>\n<h2>Ort:<\/h2>\n<p>Messe Innsbruck<br \/>\nFalkstra\u00dfe 2-4<br \/>\n6020 Innsbruck<\/p>\n<h2>Turnus:<\/h2>\n<p>Alle 2 Jahre<\/p>\n<h2>Zutritt<\/h2>\n<p>Allgemeines Publikum<\/p>\n<h2>Detail-Informationen<\/h2>\n<p>Angebot: \tBeruf, Studium, Weiterbildung, Abendgymnasium, Bildungslaufbahn, Berufslaufbahn, Berufsinfomationen f\u00fcr Menschen mit Behinderungen<\/p>\n<h2>\u00d6ffnungszeiten:<\/h2>\n<p>t\u00e4glich von 09:00 Uhr bis 17:00 Uhr<\/p>\n<h2>Eintritts Preise:<\/h2>\n<p>Eintritt frei<\/p>\n<h2>Veranstalter:<\/h2>\n<p>Bundesministerium f\u00fcr Unterricht, Kunst und Kultur<br \/>\nMinoritenplatz 5<br \/>\n1014 Wien<br \/>\nTelefon: +43-1-53120-4841<br \/>\nFax: +43-1-53120-4839<br \/>\nhttp:\/\/www.messen.de\/images\/brief.gif<br \/>\nFelix.Kerl@bmbwk.gv.at<\/p>\n","protected":false},"excerpt":{"rendered":"<p>Die Messe BeSt\u00b3 in Innsbruck ist die Messe f\u00fcr Beruf, Studium und Weiterbildung. \u00dcber 100 Aussteller aus dem In- und Ausland informieren auf der BeSt\u00b3 Messe Innsbruck \u00fcber Chancen und Entwicklungen, aktuelle Trends am Arbeits- und Bildungsmarkt aber auch \u00fcber wichtige und weitreichende Zukunftsfragen wie beispielsweise Matura. <a class=\"more-link\" href=\"https:\/\/www.weli.at\/kinder\/messe-bildung-berufslaufbahn-2012\/\">Messe Bildung Berufslaufbahn 2012<\/a><\/p>\n","protected":false},"author":2,"featured_media":0,"comment_status":"closed","ping_status":"open","sticky":false,"template":"","format":"standard","meta":{"_et_pb_use_builder":"","_et_pb_old_content":"","_et_gb_content_width":""},"categories":[12],"tags":[119],"_links":{"self":[{"href":"https:\/\/www.weli.at\/kinder\/wp-json\/wp\/v2\/posts\/2605"}],"collection":[{"href":"https:\/\/www.weli.at\/kinder\/wp-json\/wp\/v2\/posts"}],"about":[{"href":"https:\/\/www.weli.at\/kinder\/wp-json\/wp\/v2\/types\/post"}],"author":[{"embeddable":true,"href":"https:\/\/www.weli.at\/kinder\/wp-json\/wp\/v2\/users\/2"}],"replies":[{"embeddable":true,"href":"https:\/\/www.weli.at\/kinder\/wp-json\/wp\/v2\/comments?post=2605"}],"version-history":[{"count":0,"href":"https:\/\/www.weli.at\/kinder\/wp-json\/wp\/v2\/posts\/2605\/revisions"}],"wp:attachment":[{"href":"https:\/\/www.weli.at\/kinder\/wp-json\/wp\/v2\/media?parent=2605"}],"wp:term":[{"taxonomy":"category","embeddable":true,"href":"https:\/\/www.weli.at\/kinder\/wp-json\/wp\/v2\/categories?post=2605"},{"taxonomy":"post_tag","embeddable":true,"href":"https:\/\/www.weli.at\/kinder\/wp-json\/wp\/v2\/tags?post=2605"}],"curies":[{"name":"wp","href":"https:\/\/api.w.org\/{rel}","templated":true}]}}