{"id":2621,"date":"2012-01-04T08:39:36","date_gmt":"2012-01-04T07:39:36","guid":{"rendered":"http:\/\/www.weli.at\/kinder\/?p=2621"},"modified":"2015-10-12T11:20:25","modified_gmt":"2015-10-12T11:20:25","slug":"einschreibung-kindergarten-2012","status":"publish","type":"post","link":"https:\/\/www.weli.at\/kinder\/einschreibung-kindergarten-2012\/","title":{"rendered":"Einschreibung Kindergarten 2012"},"content":{"rendered":"<p>Einen guten Einblick in die st\u00e4dtischen Kinderg\u00e4rten vor der Einschreibung bekommt man beim Tag der offenen T\u00fcr. Die Termine f\u00fcr 2012:<!--more--><\/p>\n<h2>Termine Tag der offenen T\u00fcr Kindergarten<\/h2>\n<p>23. und 24. Feber 2012<\/p>\n<h2>Einschreibung Kindergarten<\/h2>\n<p>29. Feber, 1. M\u00e4rz, 7. M\u00e4rz., 8. M\u00e4rz., 14. M\u00e4rz., 15. M\u00e4rz 2012<\/p>\n<h2>Einschreibungs Zeiten Kindergarten<\/h2>\n<p>7 Uhr bis 12:30 und 13.30 bis 14 Uhr bzw. 16.30 Uhr (je nach Kindergarten)<\/p>\n","protected":false},"excerpt":{"rendered":"<p>Einen guten Einblick in die st\u00e4dtischen Kinderg\u00e4rten vor der Einschreibung bekommt man beim Tag der offenen T\u00fcr. Die Termine f\u00fcr 2012: <a class=\"more-link\" href=\"https:\/\/www.weli.at\/kinder\/einschreibung-kindergarten-2012\/\">Einschreibung Kindergarten 2012<\/a><\/p>\n","protected":false},"author":2,"featured_media":0,"comment_status":"closed","ping_status":"open","sticky":false,"template":"","format":"standard","meta":{"_et_pb_use_builder":"","_et_pb_old_content":"","_et_gb_content_width":""},"categories":[43,44],"tags":[],"_links":{"self":[{"href":"https:\/\/www.weli.at\/kinder\/wp-json\/wp\/v2\/posts\/2621"}],"collection":[{"href":"https:\/\/www.weli.at\/kinder\/wp-json\/wp\/v2\/posts"}],"about":[{"href":"https:\/\/www.weli.at\/kinder\/wp-json\/wp\/v2\/types\/post"}],"author":[{"embeddable":true,"href":"https:\/\/www.weli.at\/kinder\/wp-json\/wp\/v2\/users\/2"}],"replies":[{"embeddable":true,"href":"https:\/\/www.weli.at\/kinder\/wp-json\/wp\/v2\/comments?post=2621"}],"version-history":[{"count":0,"href":"https:\/\/www.weli.at\/kinder\/wp-json\/wp\/v2\/posts\/2621\/revisions"}],"wp:attachment":[{"href":"https:\/\/www.weli.at\/kinder\/wp-json\/wp\/v2\/media?parent=2621"}],"wp:term":[{"taxonomy":"category","embeddable":true,"href":"https:\/\/www.weli.at\/kinder\/wp-json\/wp\/v2\/categories?post=2621"},{"taxonomy":"post_tag","embeddable":true,"href":"https:\/\/www.weli.at\/kinder\/wp-json\/wp\/v2\/tags?post=2621"}],"curies":[{"name":"wp","href":"https:\/\/api.w.org\/{rel}","templated":true}]}}