{"id":2645,"date":"2012-01-16T14:03:59","date_gmt":"2012-01-16T13:03:59","guid":{"rendered":"http:\/\/www.weli.at\/kinder\/?p=2645"},"modified":"2015-10-12T11:20:24","modified_gmt":"2015-10-12T11:20:24","slug":"kindergarten-padagogin-kinderkrippe","status":"publish","type":"post","link":"https:\/\/www.weli.at\/kinder\/kindergarten-padagogin-kinderkrippe\/","title":{"rendered":"Kindergarten P\u00e4dagogin Kinderkrippe"},"content":{"rendered":"<p>Das Eltern-Kind-Zentrum sucht ab 8. Februar 2012 eine\/n Kindergartenp\u00e4dagogin \/ Kindergartenp\u00e4dagogen \/ Fr\u00fcherzieherIn als Gruppenleitung f\u00fcr die Kinderkrippe im Ausma\u00df von 28 Stunden\/Woche.<!--more--><\/p>\n<h2>Bewerbung Kindergarten P\u00e4dagogin<\/h2>\n<p>mit Foto schriftlich an:<\/p>\n<p>Eltern-Kind-Zentrum Innsbruck, Amraserstr. 5, 6020 Innsbruck<\/p>\n<p>per E-Mail: info@ekiz-ibk.at<\/p>\n<h2>Anforderungsprofil Kindergarten P\u00e4dagogin<\/h2>\n<p>\u00b7 Einschl\u00e4gige, abgeschlossene Ausbildung<\/p>\n<p>\u00b7 Berufserfahrung als Fr\u00fcherzieherIn\/Kindergartenp\u00e4dagogIn<\/p>\n<p>\u00b7 Identifikation mit der Konzeption der Kinderkrippe und dem Leitbild des Eltern-Kind-Zentrums<\/p>\n<p>\u00b7 Kenntnisse \u00fcber aktuelle p\u00e4dagogische Entwicklungen<\/p>\n<p>\u00b7 Kenntnisse \u00fcber aktuelle gesetzliche Vorgaben<\/p>\n<p>\u00b7 Bereitschaft zur Weiterentwicklung und zur Fort- und Weiterbildung<\/p>\n<p>\u00b7 EDV-Kenntnisse<\/p>\n<p>\u00b7 pers\u00f6nliche und soziale Kompetenzen: Zielorientiertes Arbeiten, Belastbarkeit, Vertraulichkeit, Verl\u00e4sslichkeit, Teamf\u00e4higkeit, Kommunikationsf\u00e4higkeit, Verantwortungsbewusstsein, Flexibilit\u00e4t, Reflexionsf\u00e4higkeit<\/p>\n","protected":false},"excerpt":{"rendered":"<p>Das Eltern-Kind-Zentrum sucht ab 8. Februar 2012 eine\/n Kindergartenp\u00e4dagogin \/ Kindergartenp\u00e4dagogen \/ Fr\u00fcherzieherIn als Gruppenleitung f\u00fcr die Kinderkrippe im Ausma\u00df von 28 Stunden\/Woche. <a class=\"more-link\" href=\"https:\/\/www.weli.at\/kinder\/kindergarten-padagogin-kinderkrippe\/\">Kindergarten P\u00e4dagogin Kinderkrippe<\/a><\/p>\n","protected":false},"author":2,"featured_media":0,"comment_status":"closed","ping_status":"open","sticky":false,"template":"","format":"standard","meta":{"_et_pb_use_builder":"","_et_pb_old_content":"","_et_gb_content_width":""},"categories":[43,45,74],"tags":[],"_links":{"self":[{"href":"https:\/\/www.weli.at\/kinder\/wp-json\/wp\/v2\/posts\/2645"}],"collection":[{"href":"https:\/\/www.weli.at\/kinder\/wp-json\/wp\/v2\/posts"}],"about":[{"href":"https:\/\/www.weli.at\/kinder\/wp-json\/wp\/v2\/types\/post"}],"author":[{"embeddable":true,"href":"https:\/\/www.weli.at\/kinder\/wp-json\/wp\/v2\/users\/2"}],"replies":[{"embeddable":true,"href":"https:\/\/www.weli.at\/kinder\/wp-json\/wp\/v2\/comments?post=2645"}],"version-history":[{"count":0,"href":"https:\/\/www.weli.at\/kinder\/wp-json\/wp\/v2\/posts\/2645\/revisions"}],"wp:attachment":[{"href":"https:\/\/www.weli.at\/kinder\/wp-json\/wp\/v2\/media?parent=2645"}],"wp:term":[{"taxonomy":"category","embeddable":true,"href":"https:\/\/www.weli.at\/kinder\/wp-json\/wp\/v2\/categories?post=2645"},{"taxonomy":"post_tag","embeddable":true,"href":"https:\/\/www.weli.at\/kinder\/wp-json\/wp\/v2\/tags?post=2645"}],"curies":[{"name":"wp","href":"https:\/\/api.w.org\/{rel}","templated":true}]}}