{"id":2758,"date":"2012-03-15T21:00:40","date_gmt":"2012-03-15T20:00:40","guid":{"rendered":"http:\/\/www.weli.at\/kinder\/?p=2758"},"modified":"2015-10-12T11:20:21","modified_gmt":"2015-10-12T11:20:21","slug":"tauschmarkt-vols-2012","status":"publish","type":"post","link":"https:\/\/www.weli.at\/kinder\/tauschmarkt-vols-2012\/","title":{"rendered":"Tauschmarkt V\u00f6ls 2012"},"content":{"rendered":"<p>Im M\u00e4rz findet wieder ein Tauschmarkt in V\u00f6ls statt, auf dem man g\u00fcnstig Kinder Kleidung, B\u00fccher und Sportartikel kaufen kann! <!--more--><\/p>\n<h2>Tauschmarkt Neue Mittelschule V\u00f6ls:<\/h2>\n<p>Annahme Samstag 24. M\u00e4rz 2012 9-11 Uhr<br \/>\nVerkauf Samstag 24. M\u00e4rz 2012 13.30 &#8211; 16 Uhr<br \/>\nAuszahlung Samstag 24. M\u00e4rz 2012 18-19 Uhr<\/p>\n<h2><\/h2>\n<h2>Tauschmarkt V\u00f6ls Kontakt<\/h2>\n<p>Barbara Erler-Klima<\/p>\n<p>Telefon 0512-36 35 00<\/p>\n<p>http:\/\/erlerklima.at\/tauschmarkt\/<\/p>\n","protected":false},"excerpt":{"rendered":"<p>Im M\u00e4rz findet wieder ein Tauschmarkt in V\u00f6ls statt, auf dem man g\u00fcnstig Kinder Kleidung, B\u00fccher und Sportartikel kaufen kann! <a class=\"more-link\" href=\"https:\/\/www.weli.at\/kinder\/tauschmarkt-vols-2012\/\">Tauschmarkt V\u00f6ls 2012<\/a><\/p>\n","protected":false},"author":2,"featured_media":0,"comment_status":"closed","ping_status":"open","sticky":false,"template":"","format":"standard","meta":{"_et_pb_use_builder":"","_et_pb_old_content":"","_et_gb_content_width":""},"categories":[6,16,62,66,89],"tags":[],"_links":{"self":[{"href":"https:\/\/www.weli.at\/kinder\/wp-json\/wp\/v2\/posts\/2758"}],"collection":[{"href":"https:\/\/www.weli.at\/kinder\/wp-json\/wp\/v2\/posts"}],"about":[{"href":"https:\/\/www.weli.at\/kinder\/wp-json\/wp\/v2\/types\/post"}],"author":[{"embeddable":true,"href":"https:\/\/www.weli.at\/kinder\/wp-json\/wp\/v2\/users\/2"}],"replies":[{"embeddable":true,"href":"https:\/\/www.weli.at\/kinder\/wp-json\/wp\/v2\/comments?post=2758"}],"version-history":[{"count":0,"href":"https:\/\/www.weli.at\/kinder\/wp-json\/wp\/v2\/posts\/2758\/revisions"}],"wp:attachment":[{"href":"https:\/\/www.weli.at\/kinder\/wp-json\/wp\/v2\/media?parent=2758"}],"wp:term":[{"taxonomy":"category","embeddable":true,"href":"https:\/\/www.weli.at\/kinder\/wp-json\/wp\/v2\/categories?post=2758"},{"taxonomy":"post_tag","embeddable":true,"href":"https:\/\/www.weli.at\/kinder\/wp-json\/wp\/v2\/tags?post=2758"}],"curies":[{"name":"wp","href":"https:\/\/api.w.org\/{rel}","templated":true}]}}