{"id":287,"date":"2010-02-20T20:57:57","date_gmt":"2010-02-20T19:57:57","guid":{"rendered":"http:\/\/www.weli.at\/kinder\/?p=287"},"modified":"2015-10-12T11:18:26","modified_gmt":"2015-10-12T11:18:26","slug":"kindergarten-in-innsbruck-reichenau","status":"publish","type":"post","link":"https:\/\/www.weli.at\/kinder\/kindergarten-in-innsbruck-reichenau\/","title":{"rendered":"Kindergarten Reichenau"},"content":{"rendered":"<p>Der <strong>st\u00e4dtische Kindergarten<\/strong> befindet sich in der W\u00f6rndlestrasse 4, gegen\u00fcber der Volksschule. Daran angeschlossen ist eine Kindergruppe, die in den R\u00e4umen der Mutterberatung untergebracht ist.<\/p>\n<p>Am 10. und 11. Februar 2011 finden <!--more-->Tage der offenen T\u00fcr in den Kinderg\u00e4rten und den Sch\u00fclerhorte der Stadt Innsbruck statt.<br \/>\nDie Einschreibung in die Kinderg\u00e4rten und die Sch\u00fclerhorte der Stadt Innsbruck findet am 23. und 24. Februar 2011 statt.<\/p>\n<p>Der Kindergarten Reichenau arbeitet nach dem p\u00e4dagogischen Ansatz &#8222;kindzentrierte Kindergartenarbeit&#8220; von Dipl. P\u00e4d. Dr. phil. Sigurd Hebenstreit, Dortmund. Im Zentrum dieser P\u00e4dagogik stehen nicht die Kinder, sondern das konkrete einzelne Kind.<\/p>\n<p>Es gibt hier seit September 2010 5 Gruppen. \u00d6ffnungszeiten: 7.00 bis 16.30, mit Mittagstisch.<\/p>\n<p>Eine erweiterte Gruppe nimmt Kinder bereits ab einem Altern von 2 1\/2 Jahren auf!<\/p>\n<h2>Kindergarten Reichenau Leitung<\/h2>\n<p>Christine Rieder christine.rieder@magibk.at<\/p>\n<h2>Kindergarten Reichenau Kosten<\/h2>\n<p>Kinder von 2 bis 4 Jahren: bis 14.00 34,&#8211;,  ganztags 59,&#8211;, Mittagessen 3,40 p.d.<br \/>\nKinder von 4 bis 6 Jahren: bis 14.00 kostenlos, ganztags 29,&#8211;, Mittagessen 3,40 p.d.<\/p>\n","protected":false},"excerpt":{"rendered":"<p>Der st\u00e4dtische Kindergarten befindet sich in der W\u00f6rndlestrasse 4, gegen\u00fcber der Volksschule. Daran angeschlossen ist eine Kindergruppe, die in den R\u00e4umen der Mutterberatung untergebracht ist. Am 10. und 11. Februar 2011 finden <a class=\"more-link\" href=\"https:\/\/www.weli.at\/kinder\/kindergarten-in-innsbruck-reichenau\/\">Kindergarten Reichenau<\/a><\/p>\n","protected":false},"author":2,"featured_media":0,"comment_status":"closed","ping_status":"open","sticky":false,"template":"","format":"standard","meta":{"_et_pb_use_builder":"","_et_pb_old_content":"","_et_gb_content_width":""},"categories":[43,44],"tags":[],"_links":{"self":[{"href":"https:\/\/www.weli.at\/kinder\/wp-json\/wp\/v2\/posts\/287"}],"collection":[{"href":"https:\/\/www.weli.at\/kinder\/wp-json\/wp\/v2\/posts"}],"about":[{"href":"https:\/\/www.weli.at\/kinder\/wp-json\/wp\/v2\/types\/post"}],"author":[{"embeddable":true,"href":"https:\/\/www.weli.at\/kinder\/wp-json\/wp\/v2\/users\/2"}],"replies":[{"embeddable":true,"href":"https:\/\/www.weli.at\/kinder\/wp-json\/wp\/v2\/comments?post=287"}],"version-history":[{"count":0,"href":"https:\/\/www.weli.at\/kinder\/wp-json\/wp\/v2\/posts\/287\/revisions"}],"wp:attachment":[{"href":"https:\/\/www.weli.at\/kinder\/wp-json\/wp\/v2\/media?parent=287"}],"wp:term":[{"taxonomy":"category","embeddable":true,"href":"https:\/\/www.weli.at\/kinder\/wp-json\/wp\/v2\/categories?post=287"},{"taxonomy":"post_tag","embeddable":true,"href":"https:\/\/www.weli.at\/kinder\/wp-json\/wp\/v2\/tags?post=287"}],"curies":[{"name":"wp","href":"https:\/\/api.w.org\/{rel}","templated":true}]}}