{"id":290,"date":"2010-02-20T21:02:59","date_gmt":"2010-02-20T20:02:59","guid":{"rendered":"http:\/\/www.weli.at\/kinder\/?p=290"},"modified":"2015-10-12T11:18:26","modified_gmt":"2015-10-12T11:18:26","slug":"kindergarten-in-innsbruck-pradl","status":"publish","type":"post","link":"https:\/\/www.weli.at\/kinder\/kindergarten-in-innsbruck-pradl\/","title":{"rendered":"Kindergarten Pradl"},"content":{"rendered":"<p>Der<strong> st\u00e4dtische Kindergarten <\/strong>Pradl befindet sich in der Pembaurstrasse 20, neber der Rennerschule\/Neue Mittelschule. Am 10. und 11. Februar 2011 finden <!--more-->Tage der offenen T\u00fcr in den Kinderg\u00e4rten und den Sch\u00fclerhorte der Stadt Innsbruck statt.<\/p>\n<p>Die Einschreibung in die Kinderg\u00e4rten und die Sch\u00fclerhorte der Stadt Innsbruck findet am 23. und 24. Februar 2011 statt.<\/p>\n<p>Es gibt hier 4 Gruppen, auch Alterserweiterung.<\/p>\n<h2>\u00d6ffnungszeiten:<\/h2>\n<p>7.00 bis 16.30, mit Mittagstisch.<\/p>\n<h2>Leitung:<\/h2>\n<p>Elisabeth Siller<\/p>\n<h2>Kosten:<\/h2>\n<p>Kinder von 2 bis 4 Jahren: bis 14.00 34,&#8211;,  ganztags 59,&#8211;, Mittagessen 3,40 p.d.<br \/>\nKinder von 4 bis 6 Jahren: bis 14.00 kostenlos, ganztags 29,&#8211;, Mittagessen 3,40 p.d.<\/p>\n","protected":false},"excerpt":{"rendered":"<p>Der st\u00e4dtische Kindergarten Pradl befindet sich in der Pembaurstrasse 20, neber der Rennerschule\/Neue Mittelschule. Am 10. und 11. Februar 2011 finden <a class=\"more-link\" href=\"https:\/\/www.weli.at\/kinder\/kindergarten-in-innsbruck-pradl\/\">Kindergarten Pradl<\/a><\/p>\n","protected":false},"author":2,"featured_media":0,"comment_status":"closed","ping_status":"open","sticky":false,"template":"","format":"standard","meta":{"_et_pb_use_builder":"","_et_pb_old_content":"","_et_gb_content_width":""},"categories":[43,44],"tags":[119,147],"_links":{"self":[{"href":"https:\/\/www.weli.at\/kinder\/wp-json\/wp\/v2\/posts\/290"}],"collection":[{"href":"https:\/\/www.weli.at\/kinder\/wp-json\/wp\/v2\/posts"}],"about":[{"href":"https:\/\/www.weli.at\/kinder\/wp-json\/wp\/v2\/types\/post"}],"author":[{"embeddable":true,"href":"https:\/\/www.weli.at\/kinder\/wp-json\/wp\/v2\/users\/2"}],"replies":[{"embeddable":true,"href":"https:\/\/www.weli.at\/kinder\/wp-json\/wp\/v2\/comments?post=290"}],"version-history":[{"count":0,"href":"https:\/\/www.weli.at\/kinder\/wp-json\/wp\/v2\/posts\/290\/revisions"}],"wp:attachment":[{"href":"https:\/\/www.weli.at\/kinder\/wp-json\/wp\/v2\/media?parent=290"}],"wp:term":[{"taxonomy":"category","embeddable":true,"href":"https:\/\/www.weli.at\/kinder\/wp-json\/wp\/v2\/categories?post=290"},{"taxonomy":"post_tag","embeddable":true,"href":"https:\/\/www.weli.at\/kinder\/wp-json\/wp\/v2\/tags?post=290"}],"curies":[{"name":"wp","href":"https:\/\/api.w.org\/{rel}","templated":true}]}}